{"id":28879,"date":"2023-07-20T07:00:55","date_gmt":"2023-07-20T11:00:55","guid":{"rendered":"http:\/\/www.yungayino.cl\/noticias\/?p=28879"},"modified":"2023-07-14T22:20:21","modified_gmt":"2023-07-15T02:20:21","slug":"charla-sobre-la-ley-tea-se-realizo-en-yungay","status":"publish","type":"post","link":"https:\/\/www.yungayino.cl\/noticias\/?p=28879","title":{"rendered":"Charla Sobre La Ley TEA Se Realiz\u00f3 En Yungay"},"content":{"rendered":"<p><img loading=\"lazy\" decoding=\"async\" class=\"alignnone wp-image-28880 size-full\" src=\"http:\/\/www.yungayino.cl\/noticias\/wp-content\/uploads\/2023\/07\/charla-ley-tea.jpg\" alt=\"\" width=\"700\" height=\"350\" srcset=\"https:\/\/www.yungayino.cl\/noticias\/wp-content\/uploads\/2023\/07\/charla-ley-tea.jpg 700w, https:\/\/www.yungayino.cl\/noticias\/wp-content\/uploads\/2023\/07\/charla-ley-tea-300x150.jpg 300w\" sizes=\"auto, (max-width: 700px) 100vw, 700px\" \/><\/p>\n<p style=\"text-align: justify;\">Yungay, julio 2023: La Oficina de la Discapacidad llev\u00f3 a cabo una gran charla sobre la Ley TEA (Trastorno del Espectro Autista) con el objetivo de informar y concienciar a la comunidad sobre los derechos y beneficios que esta ley ofrece a las personas autistas y sus familias.<\/p>\n<p style=\"text-align: justify;\">La presentaci\u00f3n estuvo a cargo de la encargada de la Oficina de la Discapacidad, Fridam Cartes Molina, quien coment\u00f3 sobre el trabajo que realiza y la ubicaci\u00f3n de la oficina. Adem\u00e1s, cont\u00f3 con la presencia de la destacada abogada Gisella Barra Flores, en convenio con CAJ-\u00d1uble de SENADIS, quien nos brind\u00f3 una completa descripci\u00f3n de la nueva Ley TEA.<\/p>\n<p style=\"text-align: justify;\">Esta ley tiene como objetivo principal asegurar el derecho a la igualdad de oportunidades y promover la inclusi\u00f3n social de ni\u00f1os, ni\u00f1as, adolescentes y adultos autistas, eliminando cualquier forma de discriminaci\u00f3n. \u00a1Es hora de unirnos y apoyar esta causa!<\/p>\n<p style=\"text-align: justify;\">Durante la charla, la abogada Gisella Barra Flores explic\u00f3 los derechos y beneficios que la ley proporciona a los ni\u00f1os, ni\u00f1as y adolescentes autistas, as\u00ed como los derechos de sus familias. Tambi\u00e9n respondi\u00f3 a todas las dudas y consultas relacionadas<\/p>\n","protected":false},"excerpt":{"rendered":"<p>Yungay, julio 2023: La Oficina de la Discapacidad llev\u00f3 a cabo una gran charla sobre la Ley TEA (Trastorno del Espectro Autista) con el objetivo de informar y concienciar a la comunidad sobre los&#46;&#46;&#46;<\/p>\n","protected":false},"author":2,"featured_media":28880,"comment_status":"closed","ping_status":"open","sticky":false,"template":"","format":"standard","meta":{"footnotes":""},"categories":[1],"tags":[2872,1115,8,6,117],"class_list":["post-28879","post","type-post","status-publish","format-standard","has-post-thumbnail","hentry","category-noticias","tag-ley-tea","tag-noticias","tag-yungay","tag-yungayino","tag-yungayinocl"],"_links":{"self":[{"href":"https:\/\/www.yungayino.cl\/noticias\/index.php?rest_route=\/wp\/v2\/posts\/28879","targetHints":{"allow":["GET"]}}],"collection":[{"href":"https:\/\/www.yungayino.cl\/noticias\/index.php?rest_route=\/wp\/v2\/posts"}],"about":[{"href":"https:\/\/www.yungayino.cl\/noticias\/index.php?rest_route=\/wp\/v2\/types\/post"}],"author":[{"embeddable":true,"href":"https:\/\/www.yungayino.cl\/noticias\/index.php?rest_route=\/wp\/v2\/users\/2"}],"replies":[{"embeddable":true,"href":"https:\/\/www.yungayino.cl\/noticias\/index.php?rest_route=%2Fwp%2Fv2%2Fcomments&post=28879"}],"version-history":[{"count":1,"href":"https:\/\/www.yungayino.cl\/noticias\/index.php?rest_route=\/wp\/v2\/posts\/28879\/revisions"}],"predecessor-version":[{"id":28881,"href":"https:\/\/www.yungayino.cl\/noticias\/index.php?rest_route=\/wp\/v2\/posts\/28879\/revisions\/28881"}],"wp:featuredmedia":[{"embeddable":true,"href":"https:\/\/www.yungayino.cl\/noticias\/index.php?rest_route=\/wp\/v2\/media\/28880"}],"wp:attachment":[{"href":"https:\/\/www.yungayino.cl\/noticias\/index.php?rest_route=%2Fwp%2Fv2%2Fmedia&parent=28879"}],"wp:term":[{"taxonomy":"category","embeddable":true,"href":"https:\/\/www.yungayino.cl\/noticias\/index.php?rest_route=%2Fwp%2Fv2%2Fcategories&post=28879"},{"taxonomy":"post_tag","embeddable":true,"href":"https:\/\/www.yungayino.cl\/noticias\/index.php?rest_route=%2Fwp%2Fv2%2Ftags&post=28879"}],"curies":[{"name":"wp","href":"https:\/\/api.w.org\/{rel}","templated":true}]}}