{"id":28882,"date":"2023-07-20T09:00:37","date_gmt":"2023-07-20T13:00:37","guid":{"rendered":"http:\/\/www.yungayino.cl\/noticias\/?p=28882"},"modified":"2023-07-14T22:22:48","modified_gmt":"2023-07-15T02:22:48","slug":"entrega-de-silla-de-ruedas-a-vecino-de-chillancito","status":"publish","type":"post","link":"https:\/\/www.yungayino.cl\/noticias\/?p=28882","title":{"rendered":"Entrega de Silla De Ruedas A Vecino De Chillancito"},"content":{"rendered":"<p><img loading=\"lazy\" decoding=\"async\" class=\"alignnone wp-image-28884 size-full\" src=\"http:\/\/www.yungayino.cl\/noticias\/wp-content\/uploads\/2023\/07\/silla-de-ruedas-foto-interior.jpg\" alt=\"\" width=\"700\" height=\"467\" srcset=\"https:\/\/www.yungayino.cl\/noticias\/wp-content\/uploads\/2023\/07\/silla-de-ruedas-foto-interior.jpg 700w, https:\/\/www.yungayino.cl\/noticias\/wp-content\/uploads\/2023\/07\/silla-de-ruedas-foto-interior-300x200.jpg 300w, https:\/\/www.yungayino.cl\/noticias\/wp-content\/uploads\/2023\/07\/silla-de-ruedas-foto-interior-225x150.jpg 225w\" sizes=\"auto, (max-width: 700px) 100vw, 700px\" \/><\/p>\n<p style=\"text-align: justify;\">Yungay, julio 2023: En una significativa entrega, la directora de SENADIS, Natalia Barriga Abarz\u00faa y alcalde, Rafael Cifuentes Rodr\u00edguez, hicieron entrega de una silla de ruedas el\u00e9ctrica a un valioso joven de 30 a\u00f1os del sector.<\/p>\n<p style=\"text-align: justify;\">Esta silla ser\u00e1 un gran apoyo para \u00e9l y su familia, brind\u00e1ndole autonom\u00eda y mejorando su movilidad. La entrega fue posible gracias al Programa de Ayudas T\u00e9cnicas de SENADIS y a la excelente gesti\u00f3n de la Direcci\u00f3n de Desarrollo Comunitario.<\/p>\n<p style=\"text-align: justify;\">Equipo de trabajo manifiestan estar alegre poder contribuir al bienestar de nuestros vecinos y seguiremos trabajando incansablemente para brindar m\u00e1s apoyo a quienes m\u00e1s lo necesitan.<\/p>\n","protected":false},"excerpt":{"rendered":"<p>Yungay, julio 2023: En una significativa entrega, la directora de SENADIS, Natalia Barriga Abarz\u00faa y alcalde, Rafael Cifuentes Rodr\u00edguez, hicieron entrega de una silla de ruedas el\u00e9ctrica a un valioso joven de 30 a\u00f1os&#46;&#46;&#46;<\/p>\n","protected":false},"author":2,"featured_media":28885,"comment_status":"closed","ping_status":"open","sticky":false,"template":"","format":"standard","meta":{"footnotes":""},"categories":[1],"tags":[922,1115,2873,8,6,117],"class_list":["post-28882","post","type-post","status-publish","format-standard","has-post-thumbnail","hentry","category-noticias","tag-chillancito","tag-noticias","tag-silla-de-ruedas","tag-yungay","tag-yungayino","tag-yungayinocl"],"_links":{"self":[{"href":"https:\/\/www.yungayino.cl\/noticias\/index.php?rest_route=\/wp\/v2\/posts\/28882","targetHints":{"allow":["GET"]}}],"collection":[{"href":"https:\/\/www.yungayino.cl\/noticias\/index.php?rest_route=\/wp\/v2\/posts"}],"about":[{"href":"https:\/\/www.yungayino.cl\/noticias\/index.php?rest_route=\/wp\/v2\/types\/post"}],"author":[{"embeddable":true,"href":"https:\/\/www.yungayino.cl\/noticias\/index.php?rest_route=\/wp\/v2\/users\/2"}],"replies":[{"embeddable":true,"href":"https:\/\/www.yungayino.cl\/noticias\/index.php?rest_route=%2Fwp%2Fv2%2Fcomments&post=28882"}],"version-history":[{"count":1,"href":"https:\/\/www.yungayino.cl\/noticias\/index.php?rest_route=\/wp\/v2\/posts\/28882\/revisions"}],"predecessor-version":[{"id":28886,"href":"https:\/\/www.yungayino.cl\/noticias\/index.php?rest_route=\/wp\/v2\/posts\/28882\/revisions\/28886"}],"wp:featuredmedia":[{"embeddable":true,"href":"https:\/\/www.yungayino.cl\/noticias\/index.php?rest_route=\/wp\/v2\/media\/28885"}],"wp:attachment":[{"href":"https:\/\/www.yungayino.cl\/noticias\/index.php?rest_route=%2Fwp%2Fv2%2Fmedia&parent=28882"}],"wp:term":[{"taxonomy":"category","embeddable":true,"href":"https:\/\/www.yungayino.cl\/noticias\/index.php?rest_route=%2Fwp%2Fv2%2Fcategories&post=28882"},{"taxonomy":"post_tag","embeddable":true,"href":"https:\/\/www.yungayino.cl\/noticias\/index.php?rest_route=%2Fwp%2Fv2%2Ftags&post=28882"}],"curies":[{"name":"wp","href":"https:\/\/api.w.org\/{rel}","templated":true}]}}