{"id":28887,"date":"2023-07-20T10:00:58","date_gmt":"2023-07-20T14:00:58","guid":{"rendered":"http:\/\/www.yungayino.cl\/noticias\/?p=28887"},"modified":"2023-07-14T22:24:15","modified_gmt":"2023-07-15T02:24:15","slug":"500-feriantes-podran-postular-al-programa-levantemos-las-ferias-de-nuble-del-gobierno-regional","status":"publish","type":"post","link":"https:\/\/www.yungayino.cl\/noticias\/?p=28887","title":{"rendered":"500 Feriantes Podr\u00e1n Postular Al Programa \u201cLevantemos Las Ferias De \u00d1uble\u201d Del Gobierno Regional"},"content":{"rendered":"<p><img loading=\"lazy\" decoding=\"async\" class=\"alignnone wp-image-28888 size-full\" src=\"http:\/\/www.yungayino.cl\/noticias\/wp-content\/uploads\/2023\/07\/ferias-nuble.jpg\" alt=\"\" width=\"700\" height=\"350\" srcset=\"https:\/\/www.yungayino.cl\/noticias\/wp-content\/uploads\/2023\/07\/ferias-nuble.jpg 700w, https:\/\/www.yungayino.cl\/noticias\/wp-content\/uploads\/2023\/07\/ferias-nuble-300x150.jpg 300w\" sizes=\"auto, (max-width: 700px) 100vw, 700px\" \/><\/p>\n<p style=\"text-align: justify;\">\u00d1uble, julio 2023: Junto a la Fundaci\u00f3n Desaf\u00edo Levantemos Chile, se dio el vamos a la iniciativa que incluye capacitaciones, digitalizaci\u00f3n y acceso a infraestructura dirigido a feriantes de la regi\u00f3n. Hay plazo hasta el 30 de julio para postular.<\/p>\n<p style=\"text-align: justify;\">Un programa de apoyo para que las ferias de \u00d1uble puedan acceder a infraestructura, capacitaci\u00f3n financiera, talleres y digitalizaci\u00f3n, se lanz\u00f3 esta ma\u00f1ana en la Explanada del Gobierno Regional en compa\u00f1\u00eda de feriantes y emprendedores de Chill\u00e1n. El Gobernador de \u00d1uble, \u00d3scar Cris\u00f3stomo, junto al director de Emprendimiento de Fundaci\u00f3n Desaf\u00edo Levantemos Chile, Camilo P\u00e9rez, entregaron detalles de la convocatoria que estar\u00e1 abierta hasta el 30 de julio y que beneficiar\u00e1 hasta 500 postulantes.<\/p>\n<p style=\"text-align: justify;\">Entre los requisitos para participar est\u00e1 el pertenecer a una agrupaci\u00f3n de comerciantes de feria libre, ser mayor de 18 a\u00f1os, estar reconocidos por la Municipalidad respectiva y contar con permiso o patente municipal; estar en funcionamiento hace m\u00ednimo 6 meses, participar activamente en las ferias libres de la comuna y tener domicilio en la Regi\u00f3n de \u00d1uble.<\/p>\n<p style=\"text-align: justify;\">Al respecto, el Gobernador Cris\u00f3stomo, describi\u00f3 que \u201cestamos lanzando un concurso que va a permitir dos l\u00edneas de trabajo: tener una mejor infraestructura para cada uno de ellos, recordar que nuestros feriantes recorren la regi\u00f3n, son personas tremendamente esforzadas, por lo tanto, el tener mejores condiciones laborales, es importante para este Gobierno Regional y eso considera mesas, toldos y otras indumentarias y elementos que son necesarios en su trabajo\u201d.\u00a0 La segunda l\u00ednea, continu\u00f3 \u201ctiene que ver tambi\u00e9n con la formaci\u00f3n y la capacitaci\u00f3n en materia de digitalizaci\u00f3n, comercializaci\u00f3n, formalizaci\u00f3n, liderazgo de cada una de las personas que van a ser seleccionadas\u201d.<\/p>\n<p style=\"text-align: justify;\">Respecto a los beneficios de este programa, la autoridad puntualiz\u00f3 que \u201cestamos muy contentos de poder tener esta alianza muy poderosa en nuestra regi\u00f3n, que nos permite seguir trabajando unidos y de esa manera comprometernos con la ciudadan\u00eda, con nuestros emprendedores para tener un mejor presente y visualizar tambi\u00e9n un mejor futuro\u201d.<\/p>\n<p style=\"text-align: justify;\">En representaci\u00f3n de la Fundaci\u00f3n Desaf\u00edo Levantemos Chile, Camilo P\u00e9rez, recalc\u00f3 la importancia \u201cde la capacitaci\u00f3n, lo importante que es hoy d\u00eda formarse, conocer otros emprendedores, generar redes, dise\u00f1ar y crear nuevos canales de comercializaci\u00f3n que esperamos sea un aporte para todos los feriantes de la regi\u00f3n\u201d. Junto con ello, subray\u00f3 que \u201ceste trabajo conjunto que estamos hoy d\u00eda tanto como Fundaci\u00f3n y el GORE desarrollando este proyecto, dejando los pies en la calle, visitando a los feriantes y dando cuenta de cu\u00e1les son las problem\u00e1ticas. Creemos que las soluciones no vienen necesariamente del escritorio, por eso la importancia de las visitas, de estar en terreno\u201d.<\/p>\n<p style=\"text-align: justify;\">Finalmente, Cristina Cuiti\u00f1o, Coordinadora de la Feria Libre Diagonal Las Termas, junto con agradecer al Gobernador por la iniciativa, expres\u00f3 \u201cesperemos que con este desaf\u00edo Levantemos Chile, vayamos con mucha m\u00e1s fuerza y sigamos con muchos m\u00e1s proyectos, porque este es el inicio y estamos reci\u00e9n abriendo la puerta, por eso esperemos que sea el principio de una larga historia, muchas gracias por todo\u201d.<\/p>\n<p style=\"text-align: justify;\">El programa tiene una duraci\u00f3n total de 12 meses y entre los beneficios que ofrece est\u00e1n el acceso a talleres orientados al fortalecimiento organizacional y gesti\u00f3n financiera, un nuevo modelo de funcionamiento de las ferias asociado a la digitalizaci\u00f3n y contribuir para lograr un espacio adecuado para el funcionamiento de las ferias libres.<\/p>\n","protected":false},"excerpt":{"rendered":"<p>\u00d1uble, julio 2023: Junto a la Fundaci\u00f3n Desaf\u00edo Levantemos Chile, se dio el vamos a la iniciativa que incluye capacitaciones, digitalizaci\u00f3n y acceso a infraestructura dirigido a feriantes de la regi\u00f3n. Hay plazo hasta&#46;&#46;&#46;<\/p>\n","protected":false},"author":2,"featured_media":28888,"comment_status":"closed","ping_status":"open","sticky":false,"template":"","format":"standard","meta":{"footnotes":""},"categories":[1],"tags":[2874,1115,1678,8,6,117],"class_list":["post-28887","post","type-post","status-publish","format-standard","has-post-thumbnail","hentry","category-noticias","tag-ferias-libres","tag-noticias","tag-nuble","tag-yungay","tag-yungayino","tag-yungayinocl"],"_links":{"self":[{"href":"https:\/\/www.yungayino.cl\/noticias\/index.php?rest_route=\/wp\/v2\/posts\/28887","targetHints":{"allow":["GET"]}}],"collection":[{"href":"https:\/\/www.yungayino.cl\/noticias\/index.php?rest_route=\/wp\/v2\/posts"}],"about":[{"href":"https:\/\/www.yungayino.cl\/noticias\/index.php?rest_route=\/wp\/v2\/types\/post"}],"author":[{"embeddable":true,"href":"https:\/\/www.yungayino.cl\/noticias\/index.php?rest_route=\/wp\/v2\/users\/2"}],"replies":[{"embeddable":true,"href":"https:\/\/www.yungayino.cl\/noticias\/index.php?rest_route=%2Fwp%2Fv2%2Fcomments&post=28887"}],"version-history":[{"count":1,"href":"https:\/\/www.yungayino.cl\/noticias\/index.php?rest_route=\/wp\/v2\/posts\/28887\/revisions"}],"predecessor-version":[{"id":28889,"href":"https:\/\/www.yungayino.cl\/noticias\/index.php?rest_route=\/wp\/v2\/posts\/28887\/revisions\/28889"}],"wp:featuredmedia":[{"embeddable":true,"href":"https:\/\/www.yungayino.cl\/noticias\/index.php?rest_route=\/wp\/v2\/media\/28888"}],"wp:attachment":[{"href":"https:\/\/www.yungayino.cl\/noticias\/index.php?rest_route=%2Fwp%2Fv2%2Fmedia&parent=28887"}],"wp:term":[{"taxonomy":"category","embeddable":true,"href":"https:\/\/www.yungayino.cl\/noticias\/index.php?rest_route=%2Fwp%2Fv2%2Fcategories&post=28887"},{"taxonomy":"post_tag","embeddable":true,"href":"https:\/\/www.yungayino.cl\/noticias\/index.php?rest_route=%2Fwp%2Fv2%2Ftags&post=28887"}],"curies":[{"name":"wp","href":"https:\/\/api.w.org\/{rel}","templated":true}]}}