{"id":28896,"date":"2023-07-18T23:00:50","date_gmt":"2023-07-19T03:00:50","guid":{"rendered":"http:\/\/www.yungayino.cl\/noticias\/?p=28896"},"modified":"2023-07-20T19:20:50","modified_gmt":"2023-07-20T23:20:50","slug":"comite-jardin-de-egana-obtuvieron-aprobacion-de-financiamiento-para-compra-de-terreno","status":"publish","type":"post","link":"https:\/\/www.yungayino.cl\/noticias\/?p=28896","title":{"rendered":"Comit\u00e9 Jard\u00edn De Ega\u00f1a Obtuvieron Aprobaci\u00f3n De Financiamiento Para Compra De Terreno"},"content":{"rendered":"<p><img loading=\"lazy\" decoding=\"async\" class=\"alignnone wp-image-28899 size-full\" src=\"http:\/\/www.yungayino.cl\/noticias\/wp-content\/uploads\/2023\/07\/jardin-egana-1-1.jpg\" alt=\"\" width=\"700\" height=\"350\" srcset=\"https:\/\/www.yungayino.cl\/noticias\/wp-content\/uploads\/2023\/07\/jardin-egana-1-1.jpg 700w, https:\/\/www.yungayino.cl\/noticias\/wp-content\/uploads\/2023\/07\/jardin-egana-1-1-300x150.jpg 300w\" sizes=\"auto, (max-width: 700px) 100vw, 700px\" \/><\/p>\n<p style=\"text-align: justify;\">Yungay, julio 2023: El Gobernador Regional, \u00d3scar Cris\u00f3stomo Llanos, el diputado Felipe Cama\u00f1o, el alcalde, Rafael Cifuentes Rodr\u00edguez, la concejera regional, Lorena Vera, y concejales de la comuna se reunieron en el Comit\u00e9 de Vivienda Jard\u00edn de Ega\u00f1a.<\/p>\n<p style=\"text-align: justify;\">En la instancia el Gobernador Regional entreg\u00f3 las mejores noticias a las familias que integran el Comit\u00e9 Jard\u00edn de Ega\u00f1a, la aprobaci\u00f3n por parte del Consejo Regional del financiamiento para la compra del terreno necesario para llevar a cabo este importante proyecto. \u00a1Es un paso significativo hacia la construcci\u00f3n del Jard\u00edn de Ega\u00f1a en nuestra comunidad!<\/p>\n<p style=\"text-align: justify;\">Agradecemos a las autoridades por su compromiso y apoyo en este proceso. Su trabajo conjunto y dedicaci\u00f3n demuestran su inter\u00e9s en mejorar la calidad de vida de nuestra comunidad.<\/p>\n<p style=\"text-align: justify;\">El Jard\u00edn de Ega\u00f1a ofrecer\u00e1 nuevas oportunidades de vivienda, brindando un lugar seguro y digno para las familias de nuestra comuna.<\/p>\n<p style=\"text-align: justify;\">\u00a1Mant\u00e9nganse al tanto de las pr\u00f3ximas actualizaciones sobre este emocionante proyecto! Juntos, seguiremos construyendo un mejor futuro para todos.<\/p>\n<p style=\"text-align: justify;\">Luego de la reuni\u00f3n, las autoridades visitaron la instalaci\u00f3n de las faenas de la Villa El Futuro de Campanario.<\/p>\n<p>&nbsp;<\/p>\n<p><img loading=\"lazy\" decoding=\"async\" class=\"alignnone wp-image-28898 size-full\" src=\"http:\/\/www.yungayino.cl\/noticias\/wp-content\/uploads\/2023\/07\/jardin-egana-2.jpg\" alt=\"\" width=\"700\" height=\"467\" srcset=\"https:\/\/www.yungayino.cl\/noticias\/wp-content\/uploads\/2023\/07\/jardin-egana-2.jpg 700w, https:\/\/www.yungayino.cl\/noticias\/wp-content\/uploads\/2023\/07\/jardin-egana-2-300x200.jpg 300w, https:\/\/www.yungayino.cl\/noticias\/wp-content\/uploads\/2023\/07\/jardin-egana-2-225x150.jpg 225w\" sizes=\"auto, (max-width: 700px) 100vw, 700px\" \/><\/p>\n","protected":false},"excerpt":{"rendered":"<p>Yungay, julio 2023: El Gobernador Regional, \u00d3scar Cris\u00f3stomo Llanos, el diputado Felipe Cama\u00f1o, el alcalde, Rafael Cifuentes Rodr\u00edguez, la concejera regional, Lorena Vera, y concejales de la comuna se reunieron en el Comit\u00e9 de&#46;&#46;&#46;<\/p>\n","protected":false},"author":2,"featured_media":28899,"comment_status":"closed","ping_status":"open","sticky":false,"template":"","format":"standard","meta":{"footnotes":""},"categories":[1],"tags":[31,2019,2875,1115,1726,8,6,117],"class_list":["post-28896","post","type-post","status-publish","format-standard","has-post-thumbnail","hentry","category-noticias","tag-campanario","tag-comite-vivienda","tag-jardin-de-egana","tag-noticias","tag-viviendas","tag-yungay","tag-yungayino","tag-yungayinocl"],"_links":{"self":[{"href":"https:\/\/www.yungayino.cl\/noticias\/index.php?rest_route=\/wp\/v2\/posts\/28896","targetHints":{"allow":["GET"]}}],"collection":[{"href":"https:\/\/www.yungayino.cl\/noticias\/index.php?rest_route=\/wp\/v2\/posts"}],"about":[{"href":"https:\/\/www.yungayino.cl\/noticias\/index.php?rest_route=\/wp\/v2\/types\/post"}],"author":[{"embeddable":true,"href":"https:\/\/www.yungayino.cl\/noticias\/index.php?rest_route=\/wp\/v2\/users\/2"}],"replies":[{"embeddable":true,"href":"https:\/\/www.yungayino.cl\/noticias\/index.php?rest_route=%2Fwp%2Fv2%2Fcomments&post=28896"}],"version-history":[{"count":1,"href":"https:\/\/www.yungayino.cl\/noticias\/index.php?rest_route=\/wp\/v2\/posts\/28896\/revisions"}],"predecessor-version":[{"id":28900,"href":"https:\/\/www.yungayino.cl\/noticias\/index.php?rest_route=\/wp\/v2\/posts\/28896\/revisions\/28900"}],"wp:featuredmedia":[{"embeddable":true,"href":"https:\/\/www.yungayino.cl\/noticias\/index.php?rest_route=\/wp\/v2\/media\/28899"}],"wp:attachment":[{"href":"https:\/\/www.yungayino.cl\/noticias\/index.php?rest_route=%2Fwp%2Fv2%2Fmedia&parent=28896"}],"wp:term":[{"taxonomy":"category","embeddable":true,"href":"https:\/\/www.yungayino.cl\/noticias\/index.php?rest_route=%2Fwp%2Fv2%2Fcategories&post=28896"},{"taxonomy":"post_tag","embeddable":true,"href":"https:\/\/www.yungayino.cl\/noticias\/index.php?rest_route=%2Fwp%2Fv2%2Ftags&post=28896"}],"curies":[{"name":"wp","href":"https:\/\/api.w.org\/{rel}","templated":true}]}}