{"id":28901,"date":"2023-07-18T23:00:07","date_gmt":"2023-07-19T03:00:07","guid":{"rendered":"http:\/\/www.yungayino.cl\/noticias\/?p=28901"},"modified":"2023-07-20T19:22:34","modified_gmt":"2023-07-20T23:22:34","slug":"taller-las-munequitas-de-tres-esquinas-de-yungay","status":"publish","type":"post","link":"https:\/\/www.yungayino.cl\/noticias\/?p=28901","title":{"rendered":"Taller \u201cLas Mu\u00f1equitas De Tres Esquinas\u201d De Yungay"},"content":{"rendered":"<p><img loading=\"lazy\" decoding=\"async\" class=\"alignnone wp-image-28902 size-full\" src=\"http:\/\/www.yungayino.cl\/noticias\/wp-content\/uploads\/2023\/07\/taller-las-munequitas-de-tres-esquinas.jpg\" alt=\"\" width=\"700\" height=\"350\" srcset=\"https:\/\/www.yungayino.cl\/noticias\/wp-content\/uploads\/2023\/07\/taller-las-munequitas-de-tres-esquinas.jpg 700w, https:\/\/www.yungayino.cl\/noticias\/wp-content\/uploads\/2023\/07\/taller-las-munequitas-de-tres-esquinas-300x150.jpg 300w\" sizes=\"auto, (max-width: 700px) 100vw, 700px\" \/><\/p>\n<p style=\"text-align: justify;\">Yungay, julio 2023: El alcalde Rafael Cifuentes Rodr\u00edguez, la concejal Berta Cid, la directora de desarrollo comunitario, Pamela Jelves y la encargada del programa \u00abAutonom\u00eda de la Mujer\u00bb, Karen Novoa, tuvieron el honor de visitar la muestra del taller \u00abLas Mu\u00f1equitas de Tres Esquinas\u00bb, donde mujeres valientes presentaron sus extraordinarios trabajos.<\/p>\n<p style=\"text-align: justify;\">Queremos destacar y reconocer el esfuerzo de cada una de estas mujeres empoderadas que han creado piezas maravillosas, llenas de creatividad y pasi\u00f3n. \u00a1Son un verdadero ejemplo de dedicaci\u00f3n y perseverancia!<\/p>\n<p style=\"text-align: justify;\">Adem\u00e1s, queremos agradecer a Erma Hern\u00e1ndez, la talentosa monitora de la muestra, por su valioso apoyo y gu\u00eda a lo largo del taller. Su compromiso y conocimiento han sido fundamentales para el \u00e9xito de este proyecto.<\/p>\n<p style=\"text-align: justify;\">\u00a1Sigamos promoviendo el talento local y empoderando a las mujeres en nuestra comunidad!<\/p>\n","protected":false},"excerpt":{"rendered":"<p>Yungay, julio 2023: El alcalde Rafael Cifuentes Rodr\u00edguez, la concejal Berta Cid, la directora de desarrollo comunitario, Pamela Jelves y la encargada del programa \u00abAutonom\u00eda de la Mujer\u00bb, Karen Novoa, tuvieron el honor de&#46;&#46;&#46;<\/p>\n","protected":false},"author":2,"featured_media":28902,"comment_status":"closed","ping_status":"open","sticky":false,"template":"","format":"standard","meta":{"footnotes":""},"categories":[1],"tags":[1115,2876,573,8,6,117],"class_list":["post-28901","post","type-post","status-publish","format-standard","has-post-thumbnail","hentry","category-noticias","tag-noticias","tag-taller-las-munequitas","tag-tres-esquinas","tag-yungay","tag-yungayino","tag-yungayinocl"],"_links":{"self":[{"href":"https:\/\/www.yungayino.cl\/noticias\/index.php?rest_route=\/wp\/v2\/posts\/28901","targetHints":{"allow":["GET"]}}],"collection":[{"href":"https:\/\/www.yungayino.cl\/noticias\/index.php?rest_route=\/wp\/v2\/posts"}],"about":[{"href":"https:\/\/www.yungayino.cl\/noticias\/index.php?rest_route=\/wp\/v2\/types\/post"}],"author":[{"embeddable":true,"href":"https:\/\/www.yungayino.cl\/noticias\/index.php?rest_route=\/wp\/v2\/users\/2"}],"replies":[{"embeddable":true,"href":"https:\/\/www.yungayino.cl\/noticias\/index.php?rest_route=%2Fwp%2Fv2%2Fcomments&post=28901"}],"version-history":[{"count":1,"href":"https:\/\/www.yungayino.cl\/noticias\/index.php?rest_route=\/wp\/v2\/posts\/28901\/revisions"}],"predecessor-version":[{"id":28903,"href":"https:\/\/www.yungayino.cl\/noticias\/index.php?rest_route=\/wp\/v2\/posts\/28901\/revisions\/28903"}],"wp:featuredmedia":[{"embeddable":true,"href":"https:\/\/www.yungayino.cl\/noticias\/index.php?rest_route=\/wp\/v2\/media\/28902"}],"wp:attachment":[{"href":"https:\/\/www.yungayino.cl\/noticias\/index.php?rest_route=%2Fwp%2Fv2%2Fmedia&parent=28901"}],"wp:term":[{"taxonomy":"category","embeddable":true,"href":"https:\/\/www.yungayino.cl\/noticias\/index.php?rest_route=%2Fwp%2Fv2%2Fcategories&post=28901"},{"taxonomy":"post_tag","embeddable":true,"href":"https:\/\/www.yungayino.cl\/noticias\/index.php?rest_route=%2Fwp%2Fv2%2Ftags&post=28901"}],"curies":[{"name":"wp","href":"https:\/\/api.w.org\/{rel}","templated":true}]}}