{"id":28904,"date":"2023-07-18T20:00:51","date_gmt":"2023-07-19T00:00:51","guid":{"rendered":"http:\/\/www.yungayino.cl\/noticias\/?p=28904"},"modified":"2023-07-20T19:24:11","modified_gmt":"2023-07-20T23:24:11","slug":"charla-en-sector-villa-los-aromos-de-yungay","status":"publish","type":"post","link":"https:\/\/www.yungayino.cl\/noticias\/?p=28904","title":{"rendered":"Charla En Sector Villa Los Aromos De Yungay"},"content":{"rendered":"<p><img loading=\"lazy\" decoding=\"async\" class=\"alignnone wp-image-28905 size-full\" src=\"http:\/\/www.yungayino.cl\/noticias\/wp-content\/uploads\/2023\/07\/equipamiento-domiciliario.jpg\" alt=\"\" width=\"700\" height=\"350\" srcset=\"https:\/\/www.yungayino.cl\/noticias\/wp-content\/uploads\/2023\/07\/equipamiento-domiciliario.jpg 700w, https:\/\/www.yungayino.cl\/noticias\/wp-content\/uploads\/2023\/07\/equipamiento-domiciliario-300x150.jpg 300w\" sizes=\"auto, (max-width: 700px) 100vw, 700px\" \/><\/p>\n<p style=\"text-align: justify;\">Yungay, julio 2023: Se llev\u00f3 a cabo una enriquecedora charla en Villa Los Aromos, como parte del programa \u00abEquipamiento domiciliario para un Yungay m\u00e1s limpio\u00bb. En esta ocasi\u00f3n, el foco estuvo en los residuos org\u00e1nicos y su correcta gesti\u00f3n.<\/p>\n<p style=\"text-align: justify;\">Durante la charla, se abordaron diversos temas relacionados con la importancia de separar y compostar los residuos org\u00e1nicos en nuestros hogares. Los asistentes tuvieron la oportunidad de aprender sobre las ventajas ambientales y econ\u00f3micas de esta pr\u00e1ctica, as\u00ed como consejos pr\u00e1cticos para implementarla de manera efectiva.<\/p>\n<p style=\"text-align: justify;\">Este evento es parte de los esfuerzos de la comunidad de Yungay por promover un entorno m\u00e1s sostenible y cuidar nuestro medio ambiente. El programa \u00abEquipamiento domiciliario para un Yungay m\u00e1s limpio\u00bb financiado por el Gobierno Regional, se ha convertido en una gran herramienta para fomentar la participaci\u00f3n activa de los residentes en la gesti\u00f3n de los residuos.<\/p>\n<p style=\"text-align: justify;\">Agradecemos a todos los participantes por su inter\u00e9s y compromiso con el cuidado del planeta. Seguiremos trabajando juntos para construir un Yungay m\u00e1s limpio y sustentable.<\/p>\n","protected":false},"excerpt":{"rendered":"<p>Yungay, julio 2023: Se llev\u00f3 a cabo una enriquecedora charla en Villa Los Aromos, como parte del programa \u00abEquipamiento domiciliario para un Yungay m\u00e1s limpio\u00bb. En esta ocasi\u00f3n, el foco estuvo en los residuos&#46;&#46;&#46;<\/p>\n","protected":false},"author":2,"featured_media":28905,"comment_status":"closed","ping_status":"open","sticky":false,"template":"","format":"standard","meta":{"footnotes":""},"categories":[1],"tags":[1115,8,6,117],"class_list":["post-28904","post","type-post","status-publish","format-standard","has-post-thumbnail","hentry","category-noticias","tag-noticias","tag-yungay","tag-yungayino","tag-yungayinocl"],"_links":{"self":[{"href":"https:\/\/www.yungayino.cl\/noticias\/index.php?rest_route=\/wp\/v2\/posts\/28904","targetHints":{"allow":["GET"]}}],"collection":[{"href":"https:\/\/www.yungayino.cl\/noticias\/index.php?rest_route=\/wp\/v2\/posts"}],"about":[{"href":"https:\/\/www.yungayino.cl\/noticias\/index.php?rest_route=\/wp\/v2\/types\/post"}],"author":[{"embeddable":true,"href":"https:\/\/www.yungayino.cl\/noticias\/index.php?rest_route=\/wp\/v2\/users\/2"}],"replies":[{"embeddable":true,"href":"https:\/\/www.yungayino.cl\/noticias\/index.php?rest_route=%2Fwp%2Fv2%2Fcomments&post=28904"}],"version-history":[{"count":2,"href":"https:\/\/www.yungayino.cl\/noticias\/index.php?rest_route=\/wp\/v2\/posts\/28904\/revisions"}],"predecessor-version":[{"id":28907,"href":"https:\/\/www.yungayino.cl\/noticias\/index.php?rest_route=\/wp\/v2\/posts\/28904\/revisions\/28907"}],"wp:featuredmedia":[{"embeddable":true,"href":"https:\/\/www.yungayino.cl\/noticias\/index.php?rest_route=\/wp\/v2\/media\/28905"}],"wp:attachment":[{"href":"https:\/\/www.yungayino.cl\/noticias\/index.php?rest_route=%2Fwp%2Fv2%2Fmedia&parent=28904"}],"wp:term":[{"taxonomy":"category","embeddable":true,"href":"https:\/\/www.yungayino.cl\/noticias\/index.php?rest_route=%2Fwp%2Fv2%2Fcategories&post=28904"},{"taxonomy":"post_tag","embeddable":true,"href":"https:\/\/www.yungayino.cl\/noticias\/index.php?rest_route=%2Fwp%2Fv2%2Ftags&post=28904"}],"curies":[{"name":"wp","href":"https:\/\/api.w.org\/{rel}","templated":true}]}}