{"id":28908,"date":"2023-07-19T19:00:33","date_gmt":"2023-07-19T23:00:33","guid":{"rendered":"http:\/\/www.yungayino.cl\/noticias\/?p=28908"},"modified":"2023-07-20T19:27:02","modified_gmt":"2023-07-20T23:27:02","slug":"plan-yungay-conectado","status":"publish","type":"post","link":"https:\/\/www.yungayino.cl\/noticias\/?p=28908","title":{"rendered":"Plan Yungay Conectado"},"content":{"rendered":"<p><img loading=\"lazy\" decoding=\"async\" class=\"alignnone wp-image-28909 size-full\" src=\"http:\/\/www.yungayino.cl\/noticias\/wp-content\/uploads\/2023\/07\/20-julio-plan-yungay-conectado.jpg\" alt=\"\" width=\"700\" height=\"700\" srcset=\"https:\/\/www.yungayino.cl\/noticias\/wp-content\/uploads\/2023\/07\/20-julio-plan-yungay-conectado.jpg 700w, https:\/\/www.yungayino.cl\/noticias\/wp-content\/uploads\/2023\/07\/20-julio-plan-yungay-conectado-300x300.jpg 300w, https:\/\/www.yungayino.cl\/noticias\/wp-content\/uploads\/2023\/07\/20-julio-plan-yungay-conectado-150x150.jpg 150w, https:\/\/www.yungayino.cl\/noticias\/wp-content\/uploads\/2023\/07\/20-julio-plan-yungay-conectado-80x80.jpg 80w, https:\/\/www.yungayino.cl\/noticias\/wp-content\/uploads\/2023\/07\/20-julio-plan-yungay-conectado-320x320.jpg 320w\" sizes=\"auto, (max-width: 700px) 100vw, 700px\" \/><\/p>\n<p style=\"text-align: justify;\">Yungay, julio 223: La comuna de Yungay contin\u00faa ejecutando el plan de apoyo para enfrentar la emergencia causada por las intensas lluvias y desbordes de r\u00edos que tuvieron lugar a fines de junio. Esta situaci\u00f3n ha generado graves consecuencias en diversos sectores de la comuna, incluyendo cortes de caminos y la p\u00e9rdida de infraestructura vital.<\/p>\n<p style=\"text-align: justify;\">Como respuesta a esta situaci\u00f3n cr\u00edtica, la municipalidad de Yungay est\u00e1 trabajando de manera coordinada con el SENAPRED (Servicio Nacional de Prevenci\u00f3n de Riesgos y Desastres), el Ministerio de Obras P\u00fablicas (MOP) y Vialidad para abordar las problem\u00e1ticas existentes y restablecer la conectividad de la zona.<\/p>\n<p style=\"text-align: justify;\">En particular, se est\u00e1 enfocando en la habilitaci\u00f3n de una ruta alternativa que permita el paso tanto de veh\u00edculos livianos como pesados, brindando as\u00ed una soluci\u00f3n inmediata a los cortes de caminos ocasionados por los deslizamientos de tierra y socavones en la ruta principal que conecta a Yungay con Santa Luc\u00eda Bajo.<\/p>\n<p style=\"text-align: justify;\">Adem\u00e1s, la municipalidad de Yungay ha presentado un proyecto al Fondo de Emergencia del Gobierno Regional, el cual se encuentra actualmente en proceso de revisi\u00f3n de antecedentes. Este proyecto tiene como objetivo principal la reposici\u00f3n de la pasarela que conecta el sector sur del r\u00edo Cholgu\u00e1n con la comuna. Dicha pasarela, que ha sido destruida debido a la fuerza de las aguas, es la \u00fanica v\u00eda de acceso para las familias que residen en esa zona. El proyecto contempla la construcci\u00f3n de un nuevo puente peatonal, el cual contar\u00e1 con una estructura de acero y madera, proporcionando as\u00ed una soluci\u00f3n segura y duradera.<\/p>\n<p style=\"text-align: justify;\">El alcalde de Yungay, Rafael Cifuentes Rodr\u00edguez, junto con su equipo t\u00e9cnico, han trabajado incansablemente para abordar esta situaci\u00f3n de emergencia y asegurar la pronta recuperaci\u00f3n de la comuna. Asimismo, han contado con el apoyo incondicional de las autoridades regionales, en particular del Gobernador Regional, \u00d3scar Cris\u00f3stomo Llanos, y de los Consejeros Regionales quienes han brindado su respaldo y compromiso para superar esta crisis.<\/p>\n<p style=\"text-align: justify;\">Con la implementaci\u00f3n de este plan se est\u00e1 proporcionando asistencia directa a las familias afectadas, restableciendo la conectividad y reconstruyendo la infraestructura da\u00f1ada.<\/p>\n","protected":false},"excerpt":{"rendered":"<p>Yungay, julio 223: La comuna de Yungay contin\u00faa ejecutando el plan de apoyo para enfrentar la emergencia causada por las intensas lluvias y desbordes de r\u00edos que tuvieron lugar a fines de junio. Esta&#46;&#46;&#46;<\/p>\n","protected":false},"author":2,"featured_media":28909,"comment_status":"closed","ping_status":"open","sticky":false,"template":"","format":"standard","meta":{"footnotes":""},"categories":[1],"tags":[1115,8,6,117],"class_list":["post-28908","post","type-post","status-publish","format-standard","has-post-thumbnail","hentry","category-noticias","tag-noticias","tag-yungay","tag-yungayino","tag-yungayinocl"],"_links":{"self":[{"href":"https:\/\/www.yungayino.cl\/noticias\/index.php?rest_route=\/wp\/v2\/posts\/28908","targetHints":{"allow":["GET"]}}],"collection":[{"href":"https:\/\/www.yungayino.cl\/noticias\/index.php?rest_route=\/wp\/v2\/posts"}],"about":[{"href":"https:\/\/www.yungayino.cl\/noticias\/index.php?rest_route=\/wp\/v2\/types\/post"}],"author":[{"embeddable":true,"href":"https:\/\/www.yungayino.cl\/noticias\/index.php?rest_route=\/wp\/v2\/users\/2"}],"replies":[{"embeddable":true,"href":"https:\/\/www.yungayino.cl\/noticias\/index.php?rest_route=%2Fwp%2Fv2%2Fcomments&post=28908"}],"version-history":[{"count":1,"href":"https:\/\/www.yungayino.cl\/noticias\/index.php?rest_route=\/wp\/v2\/posts\/28908\/revisions"}],"predecessor-version":[{"id":28910,"href":"https:\/\/www.yungayino.cl\/noticias\/index.php?rest_route=\/wp\/v2\/posts\/28908\/revisions\/28910"}],"wp:featuredmedia":[{"embeddable":true,"href":"https:\/\/www.yungayino.cl\/noticias\/index.php?rest_route=\/wp\/v2\/media\/28909"}],"wp:attachment":[{"href":"https:\/\/www.yungayino.cl\/noticias\/index.php?rest_route=%2Fwp%2Fv2%2Fmedia&parent=28908"}],"wp:term":[{"taxonomy":"category","embeddable":true,"href":"https:\/\/www.yungayino.cl\/noticias\/index.php?rest_route=%2Fwp%2Fv2%2Fcategories&post=28908"},{"taxonomy":"post_tag","embeddable":true,"href":"https:\/\/www.yungayino.cl\/noticias\/index.php?rest_route=%2Fwp%2Fv2%2Ftags&post=28908"}],"curies":[{"name":"wp","href":"https:\/\/api.w.org\/{rel}","templated":true}]}}