{"id":28950,"date":"2023-07-23T08:00:59","date_gmt":"2023-07-23T12:00:59","guid":{"rendered":"http:\/\/www.yungayino.cl\/noticias\/?p=28950"},"modified":"2023-07-22T19:06:24","modified_gmt":"2023-07-22T23:06:24","slug":"encuentro-intercomunal-de-ecosistema-de-innovacion-social-en-la-provincia-de-diguillin-se-realizo-en-la-comuna-de-yungay","status":"publish","type":"post","link":"https:\/\/www.yungayino.cl\/noticias\/?p=28950","title":{"rendered":"Encuentro Intercomunal De Ecosistema De Innovaci\u00f3n Social En La Provincia De Diguill\u00edn Se Realiz\u00f3 En La Comuna De Yungay"},"content":{"rendered":"<p><img loading=\"lazy\" decoding=\"async\" class=\"alignnone wp-image-28951 size-full\" src=\"http:\/\/www.yungayino.cl\/noticias\/wp-content\/uploads\/2023\/07\/encuentro-intercomunal.jpg\" alt=\"\" width=\"700\" height=\"350\" srcset=\"https:\/\/www.yungayino.cl\/noticias\/wp-content\/uploads\/2023\/07\/encuentro-intercomunal.jpg 700w, https:\/\/www.yungayino.cl\/noticias\/wp-content\/uploads\/2023\/07\/encuentro-intercomunal-300x150.jpg 300w\" sizes=\"auto, (max-width: 700px) 100vw, 700px\" \/><\/p>\n<p style=\"text-align: justify;\">Yungay, julio 2023: Con la participaci\u00f3n de representantes de las comunas de Bulnes, El Carmen, San Ignacio, Pemuco, Pinto y Yungay, se llev\u00f3 a cabo en la comuna de Yungay el primer taller de la provincia de Diguill\u00edn, como parte del proyecto \u00abTransferencia, dise\u00f1o y fortalecimiento de un Ecosistema de Innovaci\u00f3n Social para la articulaci\u00f3n institucional de apoyo a la comunidad\u00bb. El evento fue organizado por el Instituto Profesional Virginio G\u00f3mez y financiado por el Gobierno Regional de \u00d1uble, en el marco del programa FIC de Innovaci\u00f3n Social.<\/p>\n<p style=\"text-align: justify;\">El objetivo principal del encuentro fue reunir a diversas comunas de la provincia de Diguill\u00edn para trabajar en conjunto y fortalecer el Ecosistema de Innovaci\u00f3n Social en la regi\u00f3n. La colaboraci\u00f3n entre el Instituto Profesional Virginio G\u00f3mez y la Direcci\u00f3n de Desarrollo Econ\u00f3mico Local y Sustentabilidad de nuestro municipio permiti\u00f3 llevar a cabo esta iniciativa en la comuna de Yungay.<\/p>\n<p style=\"text-align: justify;\">La actividad se desarroll\u00f3 mediante mesas de trabajo en las que los participantes tuvieron la oportunidad de expresar y discutir sobre diversas realidades comunales en temas como seguridad, cultura, educaci\u00f3n, salud, entre otros.<\/p>\n<p style=\"text-align: justify;\">La comuna de Yungay estuvo representada por diversos actores clave, entre ellos, dirigentes sindicales, la c\u00e1mara de comercio, dirigentes sociales, el Superintendente de Bomberos y actores interesados en temas ambientales, educativos y culturales. La sede del encuentro fue la biblioteca municipal \u00abOreste Montero\u00bb y tuvo lugar durante la jornada matutina del mi\u00e9rcoles 19 de julio.<\/p>\n<p style=\"text-align: justify;\">Claudia Harcha, directora de la Direcci\u00f3n de Desarrollo Econ\u00f3mico Local y Sustentabilidad (DIDEL) y en representaci\u00f3n del alcalde Rafael Cifuentes Rodr\u00edguez, expres\u00f3 su satisfacci\u00f3n por la elecci\u00f3n de Yungay como sede del taller intercomunal. Destac\u00f3 la importancia de estas instancias para exponer las necesidades de los territorios y propiciar una nueva relaci\u00f3n colaborativa entre el sector p\u00fablico, el mundo social y el sector privado. Asimismo, manifest\u00f3 el inter\u00e9s de continuar siendo sede de actividades de car\u00e1cter regional y provincial con instituciones de educaci\u00f3n superior, con las cuales han trabajado de manera conjunta durante el a\u00f1o.<\/p>\n<p style=\"text-align: justify;\">El encuentro intercomunal de Ecosistema de Innovaci\u00f3n Social en la Provincia de Diguill\u00edn represent\u00f3 una oportunidad valiosa para fortalecer el trabajo conjunto entre comunas y diferentes actores, buscando promover el desarrollo sostenible, el bienestar comunitario y la innovaci\u00f3n social en la regi\u00f3n. As\u00ed, se reafirm\u00f3 el compromiso de seguir trabajando en proyectos y acciones que beneficien a la comunidad y fomenten un progreso colaborativo en la provincia de Diguill\u00edn.<\/p>\n","protected":false},"excerpt":{"rendered":"<p>Yungay, julio 2023: Con la participaci\u00f3n de representantes de las comunas de Bulnes, El Carmen, San Ignacio, Pemuco, Pinto y Yungay, se llev\u00f3 a cabo en la comuna de Yungay el primer taller de&#46;&#46;&#46;<\/p>\n","protected":false},"author":2,"featured_media":28951,"comment_status":"closed","ping_status":"open","sticky":false,"template":"","format":"standard","meta":{"footnotes":""},"categories":[1],"tags":[1115,8,6,117],"class_list":["post-28950","post","type-post","status-publish","format-standard","has-post-thumbnail","hentry","category-noticias","tag-noticias","tag-yungay","tag-yungayino","tag-yungayinocl"],"_links":{"self":[{"href":"https:\/\/www.yungayino.cl\/noticias\/index.php?rest_route=\/wp\/v2\/posts\/28950","targetHints":{"allow":["GET"]}}],"collection":[{"href":"https:\/\/www.yungayino.cl\/noticias\/index.php?rest_route=\/wp\/v2\/posts"}],"about":[{"href":"https:\/\/www.yungayino.cl\/noticias\/index.php?rest_route=\/wp\/v2\/types\/post"}],"author":[{"embeddable":true,"href":"https:\/\/www.yungayino.cl\/noticias\/index.php?rest_route=\/wp\/v2\/users\/2"}],"replies":[{"embeddable":true,"href":"https:\/\/www.yungayino.cl\/noticias\/index.php?rest_route=%2Fwp%2Fv2%2Fcomments&post=28950"}],"version-history":[{"count":1,"href":"https:\/\/www.yungayino.cl\/noticias\/index.php?rest_route=\/wp\/v2\/posts\/28950\/revisions"}],"predecessor-version":[{"id":28952,"href":"https:\/\/www.yungayino.cl\/noticias\/index.php?rest_route=\/wp\/v2\/posts\/28950\/revisions\/28952"}],"wp:featuredmedia":[{"embeddable":true,"href":"https:\/\/www.yungayino.cl\/noticias\/index.php?rest_route=\/wp\/v2\/media\/28951"}],"wp:attachment":[{"href":"https:\/\/www.yungayino.cl\/noticias\/index.php?rest_route=%2Fwp%2Fv2%2Fmedia&parent=28950"}],"wp:term":[{"taxonomy":"category","embeddable":true,"href":"https:\/\/www.yungayino.cl\/noticias\/index.php?rest_route=%2Fwp%2Fv2%2Fcategories&post=28950"},{"taxonomy":"post_tag","embeddable":true,"href":"https:\/\/www.yungayino.cl\/noticias\/index.php?rest_route=%2Fwp%2Fv2%2Ftags&post=28950"}],"curies":[{"name":"wp","href":"https:\/\/api.w.org\/{rel}","templated":true}]}}