{"id":28977,"date":"2023-07-22T19:00:56","date_gmt":"2023-07-22T23:00:56","guid":{"rendered":"http:\/\/www.yungayino.cl\/noticias\/?p=28977"},"modified":"2023-07-22T19:21:19","modified_gmt":"2023-07-22T23:21:19","slug":"ayuda-a-nuestra-comunidad-a-cuidar-el-medio-ambiente-en-santa-lucia-bajo","status":"publish","type":"post","link":"https:\/\/www.yungayino.cl\/noticias\/?p=28977","title":{"rendered":"Ayuda A Nuestra Comunidad A Cuidar El Medio Ambiente En Santa Luc\u00eda Bajo"},"content":{"rendered":"<p><img loading=\"lazy\" decoding=\"async\" class=\"alignnone wp-image-28978 size-full\" src=\"http:\/\/www.yungayino.cl\/noticias\/wp-content\/uploads\/2023\/07\/21-julio-recoleccion-residuos-1.jpg\" alt=\"\" width=\"700\" height=\"700\" srcset=\"https:\/\/www.yungayino.cl\/noticias\/wp-content\/uploads\/2023\/07\/21-julio-recoleccion-residuos-1.jpg 700w, https:\/\/www.yungayino.cl\/noticias\/wp-content\/uploads\/2023\/07\/21-julio-recoleccion-residuos-1-300x300.jpg 300w, https:\/\/www.yungayino.cl\/noticias\/wp-content\/uploads\/2023\/07\/21-julio-recoleccion-residuos-1-150x150.jpg 150w, https:\/\/www.yungayino.cl\/noticias\/wp-content\/uploads\/2023\/07\/21-julio-recoleccion-residuos-1-80x80.jpg 80w, https:\/\/www.yungayino.cl\/noticias\/wp-content\/uploads\/2023\/07\/21-julio-recoleccion-residuos-1-320x320.jpg 320w\" sizes=\"auto, (max-width: 700px) 100vw, 700px\" \/><\/p>\n<p style=\"text-align: justify;\">Yungay, julio 2023: Entre el kil\u00f3metro 0 (cruce Santa Luc\u00eda Alto con Santa Luc\u00eda Bajo) hasta la pasarela, nos encontramos con 7 contenedores met\u00e1licos para disponer nuestros residuos s\u00f3lidos domiciliarios. Sin embargo, debido a los da\u00f1os causados por la crecida del r\u00edo, no ha sido posible vaciar los contenedores, ya que los veh\u00edculos de carga pesada no pueden transitar por la ruta.<\/p>\n<p style=\"text-align: justify;\">Ante la preocupante acumulaci\u00f3n de residuos, municipio se ha reunido con el dirigente de la Junta de Vecinos, Sr. Juan Pablo Retamal, para buscar soluciones conjuntas. A continuaci\u00f3n, compartimos las acciones que emprender\u00e1n y su apoyo es fundamental:<\/p>\n<ol style=\"text-align: justify;\">\n<li>El pr\u00f3ximo domingo, los vecinos del sector desde los campings El Remolino hasta la pasarela (5 contenedores) llevar\u00e1n a cabo un operativo de limpieza. Juntos, vaciar\u00e1n los contenedores y organizar\u00e1n los residuos en bolsas para transportarlos hasta el kil\u00f3metro cero, donde se encuentran.<\/li>\n<li>contenedores adicionales. Despu\u00e9s, voltear\u00e1n los contenedores para transmitir a la comunidad que no deben utilizarse hasta que la ruta est\u00e9 habilitada nuevamente. \u00a1Contamos contigo para esta labor encabezada por su dirigente!<\/li>\n<li>Si las condiciones clim\u00e1ticas lo permiten, el d\u00eda lunes, Don Diego Chavarr\u00eda, due\u00f1o del camping Santa Elena, junto a su equipo de trabajo, realizar\u00e1n una limpieza en los dos contenedores ubicados en el morro. Trasvasar\u00e1n los residuos a bolsas de basura para luego trasladarlos hasta los contenedores del kil\u00f3metro cero. Igualmente, se voltear\u00e1n los contenedores para evitar su uso.<\/li>\n<li>Estamos comprometidos a restaurar el servicio tan pronto como se recupere la conectividad y podamos volver a utilizar los contenedores de manera adecuada.<\/li>\n<li>Desde el lunes, se solicita a la comunidad trasladar sus residuos hasta el kil\u00f3metro cero, ya que hasta este punto el cami\u00f3n recolector puede acceder de manera segura.<\/li>\n<\/ol>\n<p style=\"text-align: justify;\">Tu colaboraci\u00f3n es esencial para mantener nuestra comunidad limpia y preservar el medio ambiente. \u00a1Contamos contigo para hacer de este esfuerzo una verdadera muestra de solidaridad y compromiso con nuestro entorno!<\/p>\n<p style=\"text-align: justify;\">Si todos nos unimos, \u00a1lograremos mantener Santa Luc\u00eda Bajo hermosa y en armon\u00eda con la naturaleza! \u00a1Gracias por ser parte de este esfuerzo colectivo!<\/p>\n<p>&nbsp;<\/p>\n<p><img loading=\"lazy\" decoding=\"async\" class=\"alignnone wp-image-28979 size-full\" src=\"http:\/\/www.yungayino.cl\/noticias\/wp-content\/uploads\/2023\/07\/21-julio-recoleccion-residuos-2.jpg\" alt=\"\" width=\"700\" height=\"700\" srcset=\"https:\/\/www.yungayino.cl\/noticias\/wp-content\/uploads\/2023\/07\/21-julio-recoleccion-residuos-2.jpg 700w, https:\/\/www.yungayino.cl\/noticias\/wp-content\/uploads\/2023\/07\/21-julio-recoleccion-residuos-2-300x300.jpg 300w, https:\/\/www.yungayino.cl\/noticias\/wp-content\/uploads\/2023\/07\/21-julio-recoleccion-residuos-2-150x150.jpg 150w, https:\/\/www.yungayino.cl\/noticias\/wp-content\/uploads\/2023\/07\/21-julio-recoleccion-residuos-2-80x80.jpg 80w, https:\/\/www.yungayino.cl\/noticias\/wp-content\/uploads\/2023\/07\/21-julio-recoleccion-residuos-2-320x320.jpg 320w\" sizes=\"auto, (max-width: 700px) 100vw, 700px\" \/><\/p>\n<p><img loading=\"lazy\" decoding=\"async\" class=\"alignnone wp-image-28980 size-full\" src=\"http:\/\/www.yungayino.cl\/noticias\/wp-content\/uploads\/2023\/07\/21-julio-recoleccion-residuos-3.jpg\" alt=\"\" width=\"700\" height=\"700\" srcset=\"https:\/\/www.yungayino.cl\/noticias\/wp-content\/uploads\/2023\/07\/21-julio-recoleccion-residuos-3.jpg 700w, https:\/\/www.yungayino.cl\/noticias\/wp-content\/uploads\/2023\/07\/21-julio-recoleccion-residuos-3-300x300.jpg 300w, https:\/\/www.yungayino.cl\/noticias\/wp-content\/uploads\/2023\/07\/21-julio-recoleccion-residuos-3-150x150.jpg 150w, https:\/\/www.yungayino.cl\/noticias\/wp-content\/uploads\/2023\/07\/21-julio-recoleccion-residuos-3-80x80.jpg 80w, https:\/\/www.yungayino.cl\/noticias\/wp-content\/uploads\/2023\/07\/21-julio-recoleccion-residuos-3-320x320.jpg 320w\" sizes=\"auto, (max-width: 700px) 100vw, 700px\" \/><\/p>\n","protected":false},"excerpt":{"rendered":"<p>Yungay, julio 2023: Entre el kil\u00f3metro 0 (cruce Santa Luc\u00eda Alto con Santa Luc\u00eda Bajo) hasta la pasarela, nos encontramos con 7 contenedores met\u00e1licos para disponer nuestros residuos s\u00f3lidos domiciliarios. Sin embargo, debido a&#46;&#46;&#46;<\/p>\n","protected":false},"author":2,"featured_media":28978,"comment_status":"closed","ping_status":"open","sticky":false,"template":"","format":"standard","meta":{"footnotes":""},"categories":[1],"tags":[1115,302,8,6,117],"class_list":["post-28977","post","type-post","status-publish","format-standard","has-post-thumbnail","hentry","category-noticias","tag-noticias","tag-santa-lucia-bajo","tag-yungay","tag-yungayino","tag-yungayinocl"],"_links":{"self":[{"href":"https:\/\/www.yungayino.cl\/noticias\/index.php?rest_route=\/wp\/v2\/posts\/28977","targetHints":{"allow":["GET"]}}],"collection":[{"href":"https:\/\/www.yungayino.cl\/noticias\/index.php?rest_route=\/wp\/v2\/posts"}],"about":[{"href":"https:\/\/www.yungayino.cl\/noticias\/index.php?rest_route=\/wp\/v2\/types\/post"}],"author":[{"embeddable":true,"href":"https:\/\/www.yungayino.cl\/noticias\/index.php?rest_route=\/wp\/v2\/users\/2"}],"replies":[{"embeddable":true,"href":"https:\/\/www.yungayino.cl\/noticias\/index.php?rest_route=%2Fwp%2Fv2%2Fcomments&post=28977"}],"version-history":[{"count":1,"href":"https:\/\/www.yungayino.cl\/noticias\/index.php?rest_route=\/wp\/v2\/posts\/28977\/revisions"}],"predecessor-version":[{"id":28981,"href":"https:\/\/www.yungayino.cl\/noticias\/index.php?rest_route=\/wp\/v2\/posts\/28977\/revisions\/28981"}],"wp:featuredmedia":[{"embeddable":true,"href":"https:\/\/www.yungayino.cl\/noticias\/index.php?rest_route=\/wp\/v2\/media\/28978"}],"wp:attachment":[{"href":"https:\/\/www.yungayino.cl\/noticias\/index.php?rest_route=%2Fwp%2Fv2%2Fmedia&parent=28977"}],"wp:term":[{"taxonomy":"category","embeddable":true,"href":"https:\/\/www.yungayino.cl\/noticias\/index.php?rest_route=%2Fwp%2Fv2%2Fcategories&post=28977"},{"taxonomy":"post_tag","embeddable":true,"href":"https:\/\/www.yungayino.cl\/noticias\/index.php?rest_route=%2Fwp%2Fv2%2Ftags&post=28977"}],"curies":[{"name":"wp","href":"https:\/\/api.w.org\/{rel}","templated":true}]}}