{"id":28985,"date":"2023-07-25T12:00:20","date_gmt":"2023-07-25T16:00:20","guid":{"rendered":"http:\/\/www.yungayino.cl\/noticias\/?p=28985"},"modified":"2023-07-25T15:35:24","modified_gmt":"2023-07-25T19:35:24","slug":"comienza-la-distribucion-de-cajas-de-alimentos-del-gobierno-regional-para-familias-afectadas-por-las-inundaciones","status":"publish","type":"post","link":"https:\/\/www.yungayino.cl\/noticias\/?p=28985","title":{"rendered":"Comienza La Distribuci\u00f3n De Cajas De Alimentos Del Gobierno Regional Para Familias Afectadas Por Las Inundaciones"},"content":{"rendered":"<p><img loading=\"lazy\" decoding=\"async\" class=\"alignnone wp-image-28986 size-full\" src=\"http:\/\/www.yungayino.cl\/noticias\/wp-content\/uploads\/2023\/07\/portada-2.jpg\" alt=\"\" width=\"700\" height=\"350\" srcset=\"https:\/\/www.yungayino.cl\/noticias\/wp-content\/uploads\/2023\/07\/portada-2.jpg 700w, https:\/\/www.yungayino.cl\/noticias\/wp-content\/uploads\/2023\/07\/portada-2-300x150.jpg 300w\" sizes=\"auto, (max-width: 700px) 100vw, 700px\" \/><\/p>\n<p style=\"text-align: justify;\">Yungay, julio 2023: En un esfuerzo conjunto entre el Gobierno Regional y la fundaci\u00f3n ADRA, se ha dado inicio a la entrega de ayuda a las familias afectadas por las devastadoras inundaciones que golpearon nuestra comuna hace unas semanas. Esta entrega marc\u00f3 el inicio de una iniciativa que busca brindar apoyo y alivio a aquellos que se vieron m\u00e1s afectados por el fuerte temporal que provoc\u00f3 inundaciones y dej\u00f3 a muchas familias en situaci\u00f3n de vulnerabilidad.<\/p>\n<p style=\"text-align: justify;\">Durante los pr\u00f3ximos tres meses, se llevar\u00e1 a cabo una distribuci\u00f3n continua de cajas de alimentos de primera necesidad, acompa\u00f1adas por un quintal de harina, con el prop\u00f3sito de asistir a las familias que sufrieron p\u00e9rdidas y da\u00f1os significativos debido a las inundaciones. Este es un esfuerzo para ayudarles a recuperarse y afrontar la dif\u00edcil situaci\u00f3n que enfrentan.<\/p>\n<p style=\"text-align: justify;\">Es importante destacar que esta valiosa ayuda se destinar\u00e1 espec\u00edficamente a las familias que cuenten con la Ficha B\u00e1sica de Emergencia, asegurando que llegue a aquellos que m\u00e1s lo necesitan y garantizando que los recursos se dirijan de manera efectiva.<\/p>\n<p style=\"text-align: justify;\">El alcalde de nuestra comuna estuvo presente durante el inicio de la entrega en San Miguel de Itata y destac\u00f3 la rapidez con la que el Gobierno Regional ha respondido a esta emergencia. \u00abEsta era una ayuda que comprometi\u00f3 nuestro Gobernador, \u00d3scar Cris\u00f3stomo Llanos, el que ha estado acompa\u00f1ando a los municipios para enfrentar esta emergencia y estamos muy agradecidos de que la ayuda llegue tan r\u00e1pido\u00bb, coment\u00f3 el alcalde.<\/p>\n<p style=\"text-align: justify;\">Adem\u00e1s, se tiene previsto que, durante la semana, el equipo de distribuci\u00f3n llegar\u00e1 hasta los sectores m\u00e1s aislados de la comuna, llevando la asistencia a todas las familias que se encuentran en situaci\u00f3n de dificultad.<\/p>\n<p style=\"text-align: justify;\">Esta muestra de solidaridad y cooperaci\u00f3n entre el Gobierno Regional y la fundaci\u00f3n ADRA es un claro ejemplo de c\u00f3mo la uni\u00f3n de esfuerzos puede marcar una diferencia significativa en momentos de crisis.<\/p>\n<p style=\"text-align: justify;\">Este es solo el inicio de un proceso que se extender\u00e1 durante tres meses, y se espera que esta ayuda contribuya a aliviar en parte la carga que estas familias han tenido que enfrentar. La colaboraci\u00f3n y el trabajo conjunto seguir\u00e1n siendo fundamentales para superar esta dif\u00edcil situaci\u00f3n y ayudar a nuestras comunidades a reconstruirse y salir adelante.<\/p>\n<p>&nbsp;<\/p>\n<p style=\"text-align: justify;\">[su_button url=\u00bbhttps:\/\/www.facebook.com\/media\/set\/?vanity=yungayino.cl&amp;set=a.667459795423861&#8243; target=\u00bbblank\u00bb size=\u00bb7&#8243; radius=\u00bbround\u00bb icon=\u00bbicon: facebook-square\u00bb]FOTOGRAF\u00cdAS &#8211; Comienza La Distribuci\u00f3n De Cajas De Alimentos Del Gobierno Regional Para Familias Afectadas Por Las Inundaciones[\/su_button]<\/p>\n","protected":false},"excerpt":{"rendered":"<p>Yungay, julio 2023: En un esfuerzo conjunto entre el Gobierno Regional y la fundaci\u00f3n ADRA, se ha dado inicio a la entrega de ayuda a las familias afectadas por las devastadoras inundaciones que golpearon&#46;&#46;&#46;<\/p>\n","protected":false},"author":2,"featured_media":28986,"comment_status":"closed","ping_status":"open","sticky":false,"template":"","format":"standard","meta":{"footnotes":""},"categories":[1],"tags":[2886,869,1115,1678,8,6,117],"class_list":["post-28985","post","type-post","status-publish","format-standard","has-post-thumbnail","hentry","category-noticias","tag-cajas-alimentos","tag-gobierno-regional","tag-noticias","tag-nuble","tag-yungay","tag-yungayino","tag-yungayinocl"],"_links":{"self":[{"href":"https:\/\/www.yungayino.cl\/noticias\/index.php?rest_route=\/wp\/v2\/posts\/28985","targetHints":{"allow":["GET"]}}],"collection":[{"href":"https:\/\/www.yungayino.cl\/noticias\/index.php?rest_route=\/wp\/v2\/posts"}],"about":[{"href":"https:\/\/www.yungayino.cl\/noticias\/index.php?rest_route=\/wp\/v2\/types\/post"}],"author":[{"embeddable":true,"href":"https:\/\/www.yungayino.cl\/noticias\/index.php?rest_route=\/wp\/v2\/users\/2"}],"replies":[{"embeddable":true,"href":"https:\/\/www.yungayino.cl\/noticias\/index.php?rest_route=%2Fwp%2Fv2%2Fcomments&post=28985"}],"version-history":[{"count":4,"href":"https:\/\/www.yungayino.cl\/noticias\/index.php?rest_route=\/wp\/v2\/posts\/28985\/revisions"}],"predecessor-version":[{"id":28989,"href":"https:\/\/www.yungayino.cl\/noticias\/index.php?rest_route=\/wp\/v2\/posts\/28985\/revisions\/28989"}],"wp:featuredmedia":[{"embeddable":true,"href":"https:\/\/www.yungayino.cl\/noticias\/index.php?rest_route=\/wp\/v2\/media\/28986"}],"wp:attachment":[{"href":"https:\/\/www.yungayino.cl\/noticias\/index.php?rest_route=%2Fwp%2Fv2%2Fmedia&parent=28985"}],"wp:term":[{"taxonomy":"category","embeddable":true,"href":"https:\/\/www.yungayino.cl\/noticias\/index.php?rest_route=%2Fwp%2Fv2%2Fcategories&post=28985"},{"taxonomy":"post_tag","embeddable":true,"href":"https:\/\/www.yungayino.cl\/noticias\/index.php?rest_route=%2Fwp%2Fv2%2Ftags&post=28985"}],"curies":[{"name":"wp","href":"https:\/\/api.w.org\/{rel}","templated":true}]}}