{"id":2900,"date":"2010-01-22T22:00:11","date_gmt":"2010-01-23T02:00:11","guid":{"rendered":"http:\/\/www.yungayino.cl\/noticias\/?p=2900"},"modified":"2010-01-23T02:15:33","modified_gmt":"2010-01-23T06:15:33","slug":"la-noche-femenina-se-vivio-en-yungay","status":"publish","type":"post","link":"https:\/\/www.yungayino.cl\/noticias\/?p=2900","title":{"rendered":"La Noche Femenina se Vivi\u00f3 en Yungay"},"content":{"rendered":"<p><img decoding=\"async\" src=\"http:\/\/www.yungayino.cl\/imagenes\/patolaguna.jpg\" alt=\"La noche Femenina se Vivi\u00f3 en Yungay\" \/><\/p>\n<p align=\"justify\"><font size=\"2\">Un lleno total de mujeres repletaron el Sal\u00f3n Multiuso de nuestra comuna la noche del jueves, ya que ninguna quer\u00eda perderse la noche femenina, actividad organizada por el Municipio de Yungay y que forma parte de las celebraciones por los 168 a\u00f1os de nuestra ciudad. Eran las 24:00 horas y la fila para entrar era inmensa; mujeres de todas las edades esperaban ansiosa su turno para entrar al gimnasio, lugar donde se llevar\u00eda el show preparado solo para ellas donde la atracci\u00f3n principal era el conocido modelo Patricio Laguna. La cuota rom\u00e1ntica la puso el doble de Marco Antonio Sol\u00eds, quien hizo corear cada una de las canciones del conocido artista mexicano. Cerca de las 02:15 de la noche terminaba exitosamente la actividad, una de aquellas que quedar\u00e1 por mucho tiempo en el recuerdo de las asistentes, quienes disfrutaron al m\u00e1ximo el d\u00eda dedicado y preparado especialmente para ellas.<br \/>\n<a href=\"http:\/\/www.yungayino.cl\/noticias\/?p=2900#comments\">Comente Aqu\u00ed<\/a><br \/>\n<a href=\"http:\/\/www.flickr.com\/photos\/46827653@N04\/tags\/patolaguna\/\">Fotograf\u00edas<\/a><\/font><\/p>\n","protected":false},"excerpt":{"rendered":"<p>Un lleno total de mujeres repletaron el Sal\u00f3n Multiuso de nuestra comuna la noche del jueves, ya que ninguna quer\u00eda perderse la noche femenina, actividad organizada por el Municipio de Yungay y que forma&#46;&#46;&#46;<\/p>\n","protected":false},"author":2,"featured_media":15221,"comment_status":"open","ping_status":"open","sticky":false,"template":"","format":"standard","meta":{"footnotes":""},"categories":[5,1],"tags":[1117,1115,151,147,8,6],"class_list":["post-2900","post","type-post","status-publish","format-standard","has-post-thumbnail","hentry","category-eventos","category-noticias","tag-eventos","tag-noticias","tag-pato-laguna","tag-semana-yungayina-2010","tag-yungay","tag-yungayino"],"_links":{"self":[{"href":"https:\/\/www.yungayino.cl\/noticias\/index.php?rest_route=\/wp\/v2\/posts\/2900","targetHints":{"allow":["GET"]}}],"collection":[{"href":"https:\/\/www.yungayino.cl\/noticias\/index.php?rest_route=\/wp\/v2\/posts"}],"about":[{"href":"https:\/\/www.yungayino.cl\/noticias\/index.php?rest_route=\/wp\/v2\/types\/post"}],"author":[{"embeddable":true,"href":"https:\/\/www.yungayino.cl\/noticias\/index.php?rest_route=\/wp\/v2\/users\/2"}],"replies":[{"embeddable":true,"href":"https:\/\/www.yungayino.cl\/noticias\/index.php?rest_route=%2Fwp%2Fv2%2Fcomments&post=2900"}],"version-history":[{"count":7,"href":"https:\/\/www.yungayino.cl\/noticias\/index.php?rest_route=\/wp\/v2\/posts\/2900\/revisions"}],"predecessor-version":[{"id":2919,"href":"https:\/\/www.yungayino.cl\/noticias\/index.php?rest_route=\/wp\/v2\/posts\/2900\/revisions\/2919"}],"wp:featuredmedia":[{"embeddable":true,"href":"https:\/\/www.yungayino.cl\/noticias\/index.php?rest_route=\/wp\/v2\/media\/15221"}],"wp:attachment":[{"href":"https:\/\/www.yungayino.cl\/noticias\/index.php?rest_route=%2Fwp%2Fv2%2Fmedia&parent=2900"}],"wp:term":[{"taxonomy":"category","embeddable":true,"href":"https:\/\/www.yungayino.cl\/noticias\/index.php?rest_route=%2Fwp%2Fv2%2Fcategories&post=2900"},{"taxonomy":"post_tag","embeddable":true,"href":"https:\/\/www.yungayino.cl\/noticias\/index.php?rest_route=%2Fwp%2Fv2%2Ftags&post=2900"}],"curies":[{"name":"wp","href":"https:\/\/api.w.org\/{rel}","templated":true}]}}