{"id":29003,"date":"2023-07-26T10:00:36","date_gmt":"2023-07-26T14:00:36","guid":{"rendered":"http:\/\/www.yungayino.cl\/noticias\/?p=29003"},"modified":"2023-07-27T15:56:22","modified_gmt":"2023-07-27T19:56:22","slug":"taller-agrupacion-de-mujeres-27f","status":"publish","type":"post","link":"https:\/\/www.yungayino.cl\/noticias\/?p=29003","title":{"rendered":"Taller Agrupaci\u00f3n de Mujeres 27F"},"content":{"rendered":"<p><img loading=\"lazy\" decoding=\"async\" class=\"alignnone wp-image-29004 size-full\" src=\"http:\/\/www.yungayino.cl\/noticias\/wp-content\/uploads\/2023\/07\/taller-27-f.jpg\" alt=\"\" width=\"700\" height=\"350\" srcset=\"https:\/\/www.yungayino.cl\/noticias\/wp-content\/uploads\/2023\/07\/taller-27-f.jpg 700w, https:\/\/www.yungayino.cl\/noticias\/wp-content\/uploads\/2023\/07\/taller-27-f-300x150.jpg 300w\" sizes=\"auto, (max-width: 700px) 100vw, 700px\" \/><\/p>\n<p style=\"text-align: justify;\">Yungay, julio 2023: Autoridades visitaron la muestra de trabajos realizados por las talentosas mujeres participantes del Taller de manualidades 27F.<\/p>\n<p style=\"text-align: justify;\">Este taller trabaja en conjunto con el programa municipal Autonom\u00eda de la Mujer, que tiene como objetivo apoyar y empoderar a las mujeres en nuestra comunidad.<\/p>\n<p style=\"text-align: justify;\">Bajo la gu\u00eda experta de la dedicada monitora Marta P\u00eda Osses, las participantes demostraron su destreza y creatividad en una variedad de proyectos. Coloridas piezas y hermosos objetos hechos a mano, la muestra fue una demostraci\u00f3n asombrosa del talento y la habilidad de estas mujeres.<\/p>\n<p style=\"text-align: justify;\">Los asistentes se enorgullecen ver c\u00f3mo la Agrupaci\u00f3n de Mujeres 27F se ha convertido en un espacio para el desarrollo personal y la expresi\u00f3n art\u00edstica. Es inspirador presenciar c\u00f3mo estas mujeres han encontrado una plataforma para compartir su pasi\u00f3n y creatividad.<\/p>\n<p style=\"text-align: justify;\">Al taller lleg\u00f3 el alcalde Rafael Cifuentes Rodr\u00edguez, la concejala Berta Cid, la directora de desarrollo comunitario, Pamela Jelves y la encargada del programa, Karen Novoa. Su apoyo y reconocimiento a las mujeres participantes reafirma la importancia de programas como Autonom\u00eda de la Mujer en nuestra comunidad.<\/p>\n","protected":false},"excerpt":{"rendered":"<p>Yungay, julio 2023: Autoridades visitaron la muestra de trabajos realizados por las talentosas mujeres participantes del Taller de manualidades 27F. Este taller trabaja en conjunto con el programa municipal Autonom\u00eda de la Mujer, que&#46;&#46;&#46;<\/p>\n","protected":false},"author":2,"featured_media":29004,"comment_status":"closed","ping_status":"open","sticky":false,"template":"","format":"standard","meta":{"footnotes":""},"categories":[1],"tags":[1115,2889,8,6,117],"class_list":["post-29003","post","type-post","status-publish","format-standard","has-post-thumbnail","hentry","category-noticias","tag-noticias","tag-taller-27f","tag-yungay","tag-yungayino","tag-yungayinocl"],"_links":{"self":[{"href":"https:\/\/www.yungayino.cl\/noticias\/index.php?rest_route=\/wp\/v2\/posts\/29003","targetHints":{"allow":["GET"]}}],"collection":[{"href":"https:\/\/www.yungayino.cl\/noticias\/index.php?rest_route=\/wp\/v2\/posts"}],"about":[{"href":"https:\/\/www.yungayino.cl\/noticias\/index.php?rest_route=\/wp\/v2\/types\/post"}],"author":[{"embeddable":true,"href":"https:\/\/www.yungayino.cl\/noticias\/index.php?rest_route=\/wp\/v2\/users\/2"}],"replies":[{"embeddable":true,"href":"https:\/\/www.yungayino.cl\/noticias\/index.php?rest_route=%2Fwp%2Fv2%2Fcomments&post=29003"}],"version-history":[{"count":1,"href":"https:\/\/www.yungayino.cl\/noticias\/index.php?rest_route=\/wp\/v2\/posts\/29003\/revisions"}],"predecessor-version":[{"id":29005,"href":"https:\/\/www.yungayino.cl\/noticias\/index.php?rest_route=\/wp\/v2\/posts\/29003\/revisions\/29005"}],"wp:featuredmedia":[{"embeddable":true,"href":"https:\/\/www.yungayino.cl\/noticias\/index.php?rest_route=\/wp\/v2\/media\/29004"}],"wp:attachment":[{"href":"https:\/\/www.yungayino.cl\/noticias\/index.php?rest_route=%2Fwp%2Fv2%2Fmedia&parent=29003"}],"wp:term":[{"taxonomy":"category","embeddable":true,"href":"https:\/\/www.yungayino.cl\/noticias\/index.php?rest_route=%2Fwp%2Fv2%2Fcategories&post=29003"},{"taxonomy":"post_tag","embeddable":true,"href":"https:\/\/www.yungayino.cl\/noticias\/index.php?rest_route=%2Fwp%2Fv2%2Ftags&post=29003"}],"curies":[{"name":"wp","href":"https:\/\/api.w.org\/{rel}","templated":true}]}}