{"id":29014,"date":"2023-07-27T16:00:56","date_gmt":"2023-07-27T20:00:56","guid":{"rendered":"http:\/\/www.yungayino.cl\/noticias\/?p=29014"},"modified":"2023-07-27T16:20:46","modified_gmt":"2023-07-27T20:20:46","slug":"taller-mujeres-roblinas","status":"publish","type":"post","link":"https:\/\/www.yungayino.cl\/noticias\/?p=29014","title":{"rendered":"Taller \u201cMujeres Roblinas\u201d"},"content":{"rendered":"<p><img loading=\"lazy\" decoding=\"async\" class=\"alignnone wp-image-29015 size-full\" src=\"http:\/\/www.yungayino.cl\/noticias\/wp-content\/uploads\/2023\/07\/taller-muejres-roblinas.jpg\" alt=\"\" width=\"700\" height=\"390\" srcset=\"https:\/\/www.yungayino.cl\/noticias\/wp-content\/uploads\/2023\/07\/taller-muejres-roblinas.jpg 700w, https:\/\/www.yungayino.cl\/noticias\/wp-content\/uploads\/2023\/07\/taller-muejres-roblinas-300x167.jpg 300w, https:\/\/www.yungayino.cl\/noticias\/wp-content\/uploads\/2023\/07\/taller-muejres-roblinas-269x150.jpg 269w\" sizes=\"auto, (max-width: 700px) 100vw, 700px\" \/><\/p>\n<p style=\"text-align: justify;\">Yungay, julio 2023: El entusiasmo y talento de las mujeres de El Roble fueron aplaudidos por nuestras autoridades durante la visita a la muestra del taller \u201cMujeres Roblinas\u201d.<\/p>\n<p style=\"text-align: justify;\">En un encuentro lleno de inspiraci\u00f3n y apoyo, el alcalde Rafael Cifuentes Rodr\u00edguez, la directora de desarrollo comunitario Pamela Jelves y la encargada del programa Autonom\u00eda Econ\u00f3mica de la Mujer, Karen Novoa, se unieron para celebrar los logros de estas talentosas artistas.<\/p>\n<p style=\"text-align: justify;\">El taller \u201cMujeres Roblinas\u201d se fund\u00f3 este a\u00f1o y ha demostrado ser un espacio de ambici\u00f3n y creatividad. Bajo la atenta gu\u00eda de la dedicada monitora Yelix Pamela Gonz\u00e1lez, las participantes no solo han creado trabajos hermosos y \u00fanicos, sino que tambi\u00e9n han fomentado un ambiente donde el cuidado de la salud mental es una prioridad. La comunidad ha sido testigo de la fuerza que se obtiene al unirse, compartir y disfrutar de momentos significativos juntas.<\/p>\n<p style=\"text-align: justify;\">Durante la visita, el alcalde, la directora de desarrollo comunitario y la encargada del programa se mostraron impresionados por la calidad y diversidad de las creaciones exhibidas en la muestra. Reconocieron el valor de espacios como este taller, que no solo empoderan a las mujeres en lo art\u00edstico sino tambi\u00e9n en su bienestar emocional.<\/p>\n","protected":false},"excerpt":{"rendered":"<p>Yungay, julio 2023: El entusiasmo y talento de las mujeres de El Roble fueron aplaudidos por nuestras autoridades durante la visita a la muestra del taller \u201cMujeres Roblinas\u201d. En un encuentro lleno de inspiraci\u00f3n&#46;&#46;&#46;<\/p>\n","protected":false},"author":2,"featured_media":29015,"comment_status":"closed","ping_status":"open","sticky":false,"template":"","format":"standard","meta":{"footnotes":""},"categories":[1],"tags":[2891,731,8,6,117],"class_list":["post-29014","post","type-post","status-publish","format-standard","has-post-thumbnail","hentry","category-noticias","tag-noticias-taller-mujeres-roblinas","tag-sector-el-roble","tag-yungay","tag-yungayino","tag-yungayinocl"],"_links":{"self":[{"href":"https:\/\/www.yungayino.cl\/noticias\/index.php?rest_route=\/wp\/v2\/posts\/29014","targetHints":{"allow":["GET"]}}],"collection":[{"href":"https:\/\/www.yungayino.cl\/noticias\/index.php?rest_route=\/wp\/v2\/posts"}],"about":[{"href":"https:\/\/www.yungayino.cl\/noticias\/index.php?rest_route=\/wp\/v2\/types\/post"}],"author":[{"embeddable":true,"href":"https:\/\/www.yungayino.cl\/noticias\/index.php?rest_route=\/wp\/v2\/users\/2"}],"replies":[{"embeddable":true,"href":"https:\/\/www.yungayino.cl\/noticias\/index.php?rest_route=%2Fwp%2Fv2%2Fcomments&post=29014"}],"version-history":[{"count":1,"href":"https:\/\/www.yungayino.cl\/noticias\/index.php?rest_route=\/wp\/v2\/posts\/29014\/revisions"}],"predecessor-version":[{"id":29016,"href":"https:\/\/www.yungayino.cl\/noticias\/index.php?rest_route=\/wp\/v2\/posts\/29014\/revisions\/29016"}],"wp:featuredmedia":[{"embeddable":true,"href":"https:\/\/www.yungayino.cl\/noticias\/index.php?rest_route=\/wp\/v2\/media\/29015"}],"wp:attachment":[{"href":"https:\/\/www.yungayino.cl\/noticias\/index.php?rest_route=%2Fwp%2Fv2%2Fmedia&parent=29014"}],"wp:term":[{"taxonomy":"category","embeddable":true,"href":"https:\/\/www.yungayino.cl\/noticias\/index.php?rest_route=%2Fwp%2Fv2%2Fcategories&post=29014"},{"taxonomy":"post_tag","embeddable":true,"href":"https:\/\/www.yungayino.cl\/noticias\/index.php?rest_route=%2Fwp%2Fv2%2Ftags&post=29014"}],"curies":[{"name":"wp","href":"https:\/\/api.w.org\/{rel}","templated":true}]}}