{"id":29017,"date":"2023-07-28T07:00:13","date_gmt":"2023-07-28T11:00:13","guid":{"rendered":"http:\/\/www.yungayino.cl\/noticias\/?p=29017"},"modified":"2023-07-27T16:22:30","modified_gmt":"2023-07-27T20:22:30","slug":"nuble-se-prepara-para-el-primer-encuentro-regional-de-empresas-y-emprendedores-impulsando-el-desarrollo-economico-y-la-colaboracion","status":"publish","type":"post","link":"https:\/\/www.yungayino.cl\/noticias\/?p=29017","title":{"rendered":"\u00d1uble Se Prepara Para El Primer Encuentro Regional De Empresas Y Emprendedores: \u201cImpulsando El Desarrollo Econ\u00f3mico Y La Colaboraci\u00f3n\u201d"},"content":{"rendered":"<p><img loading=\"lazy\" decoding=\"async\" class=\"alignnone wp-image-29018 size-full\" src=\"http:\/\/www.yungayino.cl\/noticias\/wp-content\/uploads\/2023\/07\/primer-encuentro-empresas.jpg\" alt=\"\" width=\"700\" height=\"350\" srcset=\"https:\/\/www.yungayino.cl\/noticias\/wp-content\/uploads\/2023\/07\/primer-encuentro-empresas.jpg 700w, https:\/\/www.yungayino.cl\/noticias\/wp-content\/uploads\/2023\/07\/primer-encuentro-empresas-300x150.jpg 300w\" sizes=\"auto, (max-width: 700px) 100vw, 700px\" \/><\/p>\n<p style=\"text-align: justify;\">\u00d1uble, julio 2023: El Gobierno Regional de \u00d1uble, en conjunto con Corparauco y Cor\u00f1uble, llev\u00f3 a cabo un taller empresarial que reuni\u00f3 a 32 l\u00edderes empresariales y representantes de diversos rubros de la regi\u00f3n, con el objetivo de sentar las bases para el Primer Encuentro Regional de Empresas y Emprendedores de \u00d1uble, que se llevar\u00e1 a cabo en octubre del presente a\u00f1o.<\/p>\n<p style=\"text-align: justify;\">La actividad tuvo lugar en el Patio de Luz del Gobierno Regional y se inici\u00f3 con las palabras de la entidad ejecutora de la actividad, Corparauco y colaboradora, Cor\u00f1uble. Adem\u00e1s, cont\u00f3 con la presencia destacada del Gobernador de \u00d1uble, \u00d3scar Cris\u00f3stomo Llanos, quien valor\u00f3 la oportunidad de reunirse con todos los actores del ecosistema.<\/p>\n<p style=\"text-align: justify;\">\u201cSiempre tienen que existir espacios para poder ir creciendo, y creo que este espacio y lo que vamos a ir generando durante el a\u00f1o, tiene esa perspectiva tambi\u00e9n de desarrollo dentro de ese marco. Un crecimiento que est\u00e1 primero asociado a la confianza entre las instituciones, la confianza entre el mundo empresarial, lo p\u00fablico y tambi\u00e9n el tercer sector que son las universidades, las fundaciones, las corporaciones, que son importantes cada una de estas instancias y tambi\u00e9n c\u00f3mo vamos teniendo, de cierta forma, espacios tambi\u00e9n de formaci\u00f3n o de adquisici\u00f3n de herramientas, habilidades y conocimiento en masa\u201d, afirm\u00f3 la autoridad regional.<\/p>\n<p style=\"text-align: justify;\">Durante el taller, se definieron las ideas fuerza que guiar\u00e1n el encuentro, con el prop\u00f3sito de resaltar la importancia de este evento empresarial y promover la colaboraci\u00f3n, la identidad patrimonial, la digitalizaci\u00f3n y la sustentabilidad en la regi\u00f3n.<\/p>\n<p style=\"text-align: justify;\">Respecto a la actividad, Patricio Poblete Caro, presidente de Cor\u00f1uble, se\u00f1al\u00f3: \u201cCreemos que es relevante contribuir con el fortalecimiento del ecosistema empresarial y emprendedor en \u00d1uble porque sobre eso se sostiene la econom\u00eda local y nos vamos optimistas en que un encuentro como este, en el segundo semestre del 2023, va a ser significativo y vamos a tener el apoyo, colaboraci\u00f3n y participaci\u00f3n de parte importante de los actores regionales\u201d.<\/p>\n<p style=\"text-align: justify;\">Andr\u00e9s Sanhueza Mujica, gerente de Corparauco, valor\u00f3 la exitosa convocatoria y la participaci\u00f3n de cada uno de los representantes gremiales, e indic\u00f3 que: \u201cComo Corporaci\u00f3n nos quedamos con una tarea bien importante, un trabajo que no haremos solos, porque ya nos dimos cuenta de que est\u00e1 todo el ecosistema participando y queriendo desarrollar esta principal actividad, as\u00ed que me siento contento y con muchas ideas para la organizaci\u00f3n de este importante encuentro\u201d.<\/p>\n<p style=\"text-align: justify;\">Desaf\u00edos del primer encuentro regional<\/p>\n<p style=\"text-align: justify;\">El desaf\u00edo de este primer encuentro radica en proyectar y visibilizar la regi\u00f3n de \u00d1uble hacia el exterior, con el fin de atraer inversionistas y nuevas empresas que vean el potencial de la zona, que se encuentra a punto de celebrar su quinto aniversario como regi\u00f3n.<\/p>\n<p style=\"text-align: justify;\">Seg\u00fan Alejandro Lama Lama, presidente de la C\u00e1mara de Comercio, Industrias, Turismo y Servicios de Chill\u00e1n, \u00d1uble, al ser una regi\u00f3n joven, requiere la participaci\u00f3n y el apoyo de todos los ministerios sectoriales y de la gobernanza local para desarrollarse de manera \u00f3ptima. Considerando esto, uno de los desaf\u00edos es \u00abvincularse con todas las \u00e1reas, lograr que nos visualicen, ver cu\u00e1les son nuestras falencias y dificultades para poder desarrollar la regi\u00f3n\u00bb.<\/p>\n<p style=\"text-align: justify;\">Por su parte, Macarena D\u00e1vila Vera, directora regional de Corfo \u00d1uble, afirm\u00f3: \u00ab\u00daltimamente se han llevado a cabo diversas actividades para crear un ecosistema robusto en la regi\u00f3n de \u00d1uble. Como todos saben, somos una regi\u00f3n relativamente nueva, por lo tanto, necesitamos establecer redes, que los empresarios, las empresas y el sector p\u00fablico-privado se conozcan. Creo que esto va en l\u00ednea con lo que necesitamos\u00bb.<\/p>\n<p style=\"text-align: justify;\">Con este Primer Encuentro Regional de Empresas y Emprendedores \u00d1uble, la regi\u00f3n busca proyectarse hacia el futuro, consolid\u00e1ndose como un polo de desarrollo econ\u00f3mico y atrayendo inversiones que impulsen su crecimiento. Se espera que este evento sea el punto de partida para nuevas oportunidades de negocios y alianzas estrat\u00e9gicas, generando un impacto positivo en la econom\u00eda de la regi\u00f3n.<\/p>\n","protected":false},"excerpt":{"rendered":"<p>\u00d1uble, julio 2023: El Gobierno Regional de \u00d1uble, en conjunto con Corparauco y Cor\u00f1uble, llev\u00f3 a cabo un taller empresarial que reuni\u00f3 a 32 l\u00edderes empresariales y representantes de diversos rubros de la regi\u00f3n,&#46;&#46;&#46;<\/p>\n","protected":false},"author":2,"featured_media":29018,"comment_status":"closed","ping_status":"open","sticky":false,"template":"","format":"standard","meta":{"footnotes":""},"categories":[1],"tags":[1115,1678,2892,8,6,117],"class_list":["post-29017","post","type-post","status-publish","format-standard","has-post-thumbnail","hentry","category-noticias","tag-noticias","tag-nuble","tag-primer-encuentro-empresas","tag-yungay","tag-yungayino","tag-yungayinocl"],"_links":{"self":[{"href":"https:\/\/www.yungayino.cl\/noticias\/index.php?rest_route=\/wp\/v2\/posts\/29017","targetHints":{"allow":["GET"]}}],"collection":[{"href":"https:\/\/www.yungayino.cl\/noticias\/index.php?rest_route=\/wp\/v2\/posts"}],"about":[{"href":"https:\/\/www.yungayino.cl\/noticias\/index.php?rest_route=\/wp\/v2\/types\/post"}],"author":[{"embeddable":true,"href":"https:\/\/www.yungayino.cl\/noticias\/index.php?rest_route=\/wp\/v2\/users\/2"}],"replies":[{"embeddable":true,"href":"https:\/\/www.yungayino.cl\/noticias\/index.php?rest_route=%2Fwp%2Fv2%2Fcomments&post=29017"}],"version-history":[{"count":2,"href":"https:\/\/www.yungayino.cl\/noticias\/index.php?rest_route=\/wp\/v2\/posts\/29017\/revisions"}],"predecessor-version":[{"id":29020,"href":"https:\/\/www.yungayino.cl\/noticias\/index.php?rest_route=\/wp\/v2\/posts\/29017\/revisions\/29020"}],"wp:featuredmedia":[{"embeddable":true,"href":"https:\/\/www.yungayino.cl\/noticias\/index.php?rest_route=\/wp\/v2\/media\/29018"}],"wp:attachment":[{"href":"https:\/\/www.yungayino.cl\/noticias\/index.php?rest_route=%2Fwp%2Fv2%2Fmedia&parent=29017"}],"wp:term":[{"taxonomy":"category","embeddable":true,"href":"https:\/\/www.yungayino.cl\/noticias\/index.php?rest_route=%2Fwp%2Fv2%2Fcategories&post=29017"},{"taxonomy":"post_tag","embeddable":true,"href":"https:\/\/www.yungayino.cl\/noticias\/index.php?rest_route=%2Fwp%2Fv2%2Ftags&post=29017"}],"curies":[{"name":"wp","href":"https:\/\/api.w.org\/{rel}","templated":true}]}}