{"id":29037,"date":"2023-07-29T20:00:26","date_gmt":"2023-07-30T00:00:26","guid":{"rendered":"http:\/\/www.yungayino.cl\/noticias\/?p=29037"},"modified":"2023-07-30T23:09:27","modified_gmt":"2023-07-31T03:09:27","slug":"concierto-coral-juvenil-se-realizo-en-yungay","status":"publish","type":"post","link":"https:\/\/www.yungayino.cl\/noticias\/?p=29037","title":{"rendered":"\u201cConcierto Coral Juvenil\u201d, se Realiz\u00f3 en Yungay"},"content":{"rendered":"<p><img loading=\"lazy\" decoding=\"async\" class=\"alignnone wp-image-29038 size-full\" src=\"http:\/\/www.yungayino.cl\/noticias\/wp-content\/uploads\/2023\/07\/portada-6.jpg\" alt=\"\" width=\"700\" height=\"350\" srcset=\"https:\/\/www.yungayino.cl\/noticias\/wp-content\/uploads\/2023\/07\/portada-6.jpg 700w, https:\/\/www.yungayino.cl\/noticias\/wp-content\/uploads\/2023\/07\/portada-6-300x150.jpg 300w\" sizes=\"auto, (max-width: 700px) 100vw, 700px\" \/><\/p>\n<p style=\"text-align: justify;\">Yungay, julio 2023: En dependencias de la Biblioteca Municipal se llev\u00f3 a cabo el \u201cConcierto Coral Juvenil\u201d, el cual fue organizado por el Centro Cultural y Art\u00edstico Fernando Baquedano Yungay y la colaboraci\u00f3n de la Direcci\u00f3n de Extensi\u00f3n Universidad del Bio-Bio.<\/p>\n<p style=\"text-align: justify;\">La jornada cultural comenz\u00f3 con la participaci\u00f3n del Coro del Liceo de Yungay dirigido por el Profesor Marcos Constanzo Mart\u00ednez, para luego continuar con la presentaci\u00f3n del Coro de la Universidad del Bio-B\u00edo, el cu\u00e1l es dirigido por la profesora Marioly Inostroza Morales.<\/p>\n<p style=\"text-align: justify;\"><strong>H\u00e9ctor Campos Molina<\/strong>, Coordinador de Extensi\u00f3n Art\u00edstica de la Universidad del Bio-Bio se\u00f1al\u00f3 al Equipo del Portal Yungayino.cl que este coro ha venido a mostrar su canto coral a varias voces mixtas con y sin acompa\u00f1amiento, adem\u00e1s destac\u00f3 el compromiso de la Universidad y Extensi\u00f3n con varias presentaciones en escenarios de la regi\u00f3n de \u00d1uble y el BioB\u00edo, adem\u00e1s de participar en encuentros e instancias internacionales a trav\u00e9s de formato virtual, finalmente destac\u00f3 la invitaci\u00f3n de la Agrupaci\u00f3n de Amigos y Centro Cultural y Art\u00edstico Fernando Baquedano Yungay presidida por la Sra. Pilar Aedo.<\/p>\n<p style=\"text-align: justify;\">Finalmente el p\u00fablico asistente ovacion\u00f3 y reconoci\u00f3 con un gran aplauso las destacadas presentaciones de ambos coros.<\/p>\n<p>&nbsp;<\/p>\n<p style=\"text-align: justify;\">[su_button url=\u00bbhttps:\/\/www.facebook.com\/media\/set\/?vanity=yungayino.cl&amp;set=a.670378171798690&#8243; target=\u00bbblank\u00bb size=\u00bb7&#8243; radius=\u00bbround\u00bb icon=\u00bbicon: facebook-square\u00bb]FOTOGRAF\u00cdAS &#8211; \u201cConcierto Coral Juvenil\u201d, se Realiz\u00f3 en Yungay[\/su_button]<\/p>\n","protected":false},"excerpt":{"rendered":"<p>Yungay, julio 2023: En dependencias de la Biblioteca Municipal se llev\u00f3 a cabo el \u201cConcierto Coral Juvenil\u201d, el cual fue organizado por el Centro Cultural y Art\u00edstico Fernando Baquedano Yungay y la colaboraci\u00f3n de&#46;&#46;&#46;<\/p>\n","protected":false},"author":2,"featured_media":29038,"comment_status":"closed","ping_status":"open","sticky":false,"template":"","format":"standard","meta":{"footnotes":""},"categories":[1],"tags":[2897,2896,89,1115,1069,8,6,117],"class_list":["post-29037","post","type-post","status-publish","format-standard","has-post-thumbnail","hentry","category-noticias","tag-centro-cultural-y-artistico-fernando-baquedano","tag-coros","tag-liceo-yungay","tag-noticias","tag-universidad-del-bio-bio","tag-yungay","tag-yungayino","tag-yungayinocl"],"_links":{"self":[{"href":"https:\/\/www.yungayino.cl\/noticias\/index.php?rest_route=\/wp\/v2\/posts\/29037","targetHints":{"allow":["GET"]}}],"collection":[{"href":"https:\/\/www.yungayino.cl\/noticias\/index.php?rest_route=\/wp\/v2\/posts"}],"about":[{"href":"https:\/\/www.yungayino.cl\/noticias\/index.php?rest_route=\/wp\/v2\/types\/post"}],"author":[{"embeddable":true,"href":"https:\/\/www.yungayino.cl\/noticias\/index.php?rest_route=\/wp\/v2\/users\/2"}],"replies":[{"embeddable":true,"href":"https:\/\/www.yungayino.cl\/noticias\/index.php?rest_route=%2Fwp%2Fv2%2Fcomments&post=29037"}],"version-history":[{"count":5,"href":"https:\/\/www.yungayino.cl\/noticias\/index.php?rest_route=\/wp\/v2\/posts\/29037\/revisions"}],"predecessor-version":[{"id":29044,"href":"https:\/\/www.yungayino.cl\/noticias\/index.php?rest_route=\/wp\/v2\/posts\/29037\/revisions\/29044"}],"wp:featuredmedia":[{"embeddable":true,"href":"https:\/\/www.yungayino.cl\/noticias\/index.php?rest_route=\/wp\/v2\/media\/29038"}],"wp:attachment":[{"href":"https:\/\/www.yungayino.cl\/noticias\/index.php?rest_route=%2Fwp%2Fv2%2Fmedia&parent=29037"}],"wp:term":[{"taxonomy":"category","embeddable":true,"href":"https:\/\/www.yungayino.cl\/noticias\/index.php?rest_route=%2Fwp%2Fv2%2Fcategories&post=29037"},{"taxonomy":"post_tag","embeddable":true,"href":"https:\/\/www.yungayino.cl\/noticias\/index.php?rest_route=%2Fwp%2Fv2%2Ftags&post=29037"}],"curies":[{"name":"wp","href":"https:\/\/api.w.org\/{rel}","templated":true}]}}