{"id":29053,"date":"2023-08-04T07:00:28","date_gmt":"2023-08-04T11:00:28","guid":{"rendered":"http:\/\/www.yungayino.cl\/noticias\/?p=29053"},"modified":"2023-07-31T22:57:12","modified_gmt":"2023-08-01T02:57:12","slug":"nuble-prepara-la-llegada-de-la-antorcha-panamericana","status":"publish","type":"post","link":"https:\/\/www.yungayino.cl\/noticias\/?p=29053","title":{"rendered":"\u00d1uble Prepara La Llegada De La Antorcha Panamericana"},"content":{"rendered":"<p><img loading=\"lazy\" decoding=\"async\" class=\"alignnone wp-image-29054 size-full\" src=\"http:\/\/www.yungayino.cl\/noticias\/wp-content\/uploads\/2023\/07\/stgo-2023.jpg\" alt=\"\" width=\"700\" height=\"371\" srcset=\"https:\/\/www.yungayino.cl\/noticias\/wp-content\/uploads\/2023\/07\/stgo-2023.jpg 700w, https:\/\/www.yungayino.cl\/noticias\/wp-content\/uploads\/2023\/07\/stgo-2023-300x159.jpg 300w, https:\/\/www.yungayino.cl\/noticias\/wp-content\/uploads\/2023\/07\/stgo-2023-283x150.jpg 283w\" sizes=\"auto, (max-width: 700px) 100vw, 700px\" \/><\/p>\n<p style=\"text-align: justify;\">\u00d1uble, agosto 2023: Se aproximan los Juegos Panamericanos y Parapanamericanos de Santiago 2023, el evento multideportivo m\u00e1s importante que albergar\u00e1 nuestro pa\u00eds en su historia, y que comenzar\u00e1 el 20 de octubre. M\u00e1s de dos mil atletas y para-atletas provenientes de 41 pa\u00edses competir\u00e1n en esta cita continental, donde \u00d1uble tambi\u00e9n quiere estar presente.<\/p>\n<p style=\"text-align: justify;\">Para eso, el Mindep \u00d1uble, a trav\u00e9s de su Seremi Julio Jorquera, est\u00e1 gestionando la llegada de la Antorcha Panamericana a Chill\u00e1n para dar la bienvenida de estos Juegos al pa\u00eds.<\/p>\n<p style=\"text-align: justify;\">La idea es realizar un evento ciudadano el s\u00e1bado 14 de octubre donde se realice un recorrido de la antorcha por lugares emblem\u00e1ticos de la ciudad, como el Estadio Nelson Oyarz\u00fan, el Mercado, el Teatro Municipal y la Catedral, entre otros puntos ic\u00f3nicos. Todo se cerrar\u00e1 con un acto cultural en la Plaza de Armas.<\/p>\n<p style=\"text-align: justify;\">El Seremi del Deporte, Julio Jorquera, sostuvo que \u201cya estamos coordinando la log\u00edstica con distintas instituciones. Tuve la oportunidad de presentar a todos los consejeros regionales los alcances de estos Juegos y c\u00f3mo se va a sumar \u00d1uble. Todos se mostraron muy entusiasmados para colaborar como Gobierno Regional\u201d.<\/p>\n<p style=\"text-align: justify;\">\u201cTambi\u00e9n vamos a realizar una mesa regional ampliada el pr\u00f3ximo jueves 27 de julio para afinar detalles con diferentes actores. Hay un compromiso y entusiasmo transversal para que \u00d1uble deje su huella. Esto es lo que genera el Deporte, y m\u00e1s a\u00fan un evento tan importante como los Juegos Panamericanos y Parapanamericanos\u201d, agreg\u00f3 Jorquera.<\/p>\n<p style=\"text-align: justify;\">Cuatro \u00f1ublensinos confirmados<\/p>\n<p style=\"text-align: justify;\">En el \u00e1mbito deportivo, ya son cuatro los deportistas de \u00d1uble que est\u00e1n confirmados para Santiago 2023. En los Panamericanos, Tom\u00e1s Barrios intentar\u00e1 reeditar su medalla de Lima 2019; y Mar\u00eda Jos\u00e9 Lagos clasific\u00f3 en stand up paddle, una disciplina que gana cada vez m\u00e1s terreno en la costa \u00f1ublensina.<\/p>\n<p style=\"text-align: justify;\">Y en los Parapanamericanos dir\u00e1n presente Florencia P\u00e9rez y Joseline Y\u00e9venes, exponentes del para tenis de mesa que se est\u00e1n preparando bajo el alero del programa Promesas Chile del Mindep-IND.<\/p>\n<p style=\"text-align: justify;\">Las proyecciones del IND en \u00d1uble tambi\u00e9n esperan la presencia de al menos otros cuatro deportistas locales en la cita continental: Catalina Bravo (atletismo); H\u00e9ctor Quintana (ciclismo de ruta); Sebasti\u00e1n Navea (taekwondo); y Katherine Landeros (halterofilia), todos ellos apoyados por programas del IND.<\/p>\n","protected":false},"excerpt":{"rendered":"<p>\u00d1uble, agosto 2023: Se aproximan los Juegos Panamericanos y Parapanamericanos de Santiago 2023, el evento multideportivo m\u00e1s importante que albergar\u00e1 nuestro pa\u00eds en su historia, y que comenzar\u00e1 el 20 de octubre. M\u00e1s de&#46;&#46;&#46;<\/p>\n","protected":false},"author":2,"featured_media":29054,"comment_status":"closed","ping_status":"open","sticky":false,"template":"","format":"standard","meta":{"footnotes":""},"categories":[1],"tags":[1120,2901,2900,1115,1678,8,6,117],"class_list":["post-29053","post","type-post","status-publish","format-standard","has-post-thumbnail","hentry","category-noticias","tag-deporte","tag-juegos-paramericanos","tag-juegos-parapanamericanos","tag-noticias","tag-nuble","tag-yungay","tag-yungayino","tag-yungayinocl"],"_links":{"self":[{"href":"https:\/\/www.yungayino.cl\/noticias\/index.php?rest_route=\/wp\/v2\/posts\/29053","targetHints":{"allow":["GET"]}}],"collection":[{"href":"https:\/\/www.yungayino.cl\/noticias\/index.php?rest_route=\/wp\/v2\/posts"}],"about":[{"href":"https:\/\/www.yungayino.cl\/noticias\/index.php?rest_route=\/wp\/v2\/types\/post"}],"author":[{"embeddable":true,"href":"https:\/\/www.yungayino.cl\/noticias\/index.php?rest_route=\/wp\/v2\/users\/2"}],"replies":[{"embeddable":true,"href":"https:\/\/www.yungayino.cl\/noticias\/index.php?rest_route=%2Fwp%2Fv2%2Fcomments&post=29053"}],"version-history":[{"count":2,"href":"https:\/\/www.yungayino.cl\/noticias\/index.php?rest_route=\/wp\/v2\/posts\/29053\/revisions"}],"predecessor-version":[{"id":29056,"href":"https:\/\/www.yungayino.cl\/noticias\/index.php?rest_route=\/wp\/v2\/posts\/29053\/revisions\/29056"}],"wp:featuredmedia":[{"embeddable":true,"href":"https:\/\/www.yungayino.cl\/noticias\/index.php?rest_route=\/wp\/v2\/media\/29054"}],"wp:attachment":[{"href":"https:\/\/www.yungayino.cl\/noticias\/index.php?rest_route=%2Fwp%2Fv2%2Fmedia&parent=29053"}],"wp:term":[{"taxonomy":"category","embeddable":true,"href":"https:\/\/www.yungayino.cl\/noticias\/index.php?rest_route=%2Fwp%2Fv2%2Fcategories&post=29053"},{"taxonomy":"post_tag","embeddable":true,"href":"https:\/\/www.yungayino.cl\/noticias\/index.php?rest_route=%2Fwp%2Fv2%2Ftags&post=29053"}],"curies":[{"name":"wp","href":"https:\/\/api.w.org\/{rel}","templated":true}]}}