{"id":29064,"date":"2023-07-31T15:00:43","date_gmt":"2023-07-31T19:00:43","guid":{"rendered":"http:\/\/www.yungayino.cl\/noticias\/?p=29064"},"modified":"2023-07-31T23:13:51","modified_gmt":"2023-08-01T03:13:51","slug":"helicoptero-de-carabineros-de-chile-lleva-ayuda-medica-y-alimentos-a-familias-afectadas-por-inundaciones-en-santa-lucia-bajo","status":"publish","type":"post","link":"https:\/\/www.yungayino.cl\/noticias\/?p=29064","title":{"rendered":"Helic\u00f3ptero De Carabineros De Chile Lleva Ayuda M\u00e9dica Y Alimentos A Familias Afectadas Por Inundaciones En Santa Luc\u00eda Bajo"},"content":{"rendered":"<p><img loading=\"lazy\" decoding=\"async\" class=\"alignnone wp-image-29065 size-full\" src=\"http:\/\/www.yungayino.cl\/noticias\/wp-content\/uploads\/2023\/07\/ayuda-santa-lucia-bajo.jpg\" alt=\"\" width=\"700\" height=\"350\" srcset=\"https:\/\/www.yungayino.cl\/noticias\/wp-content\/uploads\/2023\/07\/ayuda-santa-lucia-bajo.jpg 700w, https:\/\/www.yungayino.cl\/noticias\/wp-content\/uploads\/2023\/07\/ayuda-santa-lucia-bajo-300x150.jpg 300w\" sizes=\"auto, (max-width: 700px) 100vw, 700px\" \/><\/p>\n<p style=\"text-align: justify;\">Yungay, julio 2023: Una valiosa colaboraci\u00f3n entre el municipio y SENAPRED permiti\u00f3 la llegada de un Helic\u00f3ptero de Carabineros de Chile, llevando atenci\u00f3n m\u00e9dica y suministros a las familias afectadas por las inundaciones causadas por las intensas lluvias de junio.<\/p>\n<p style=\"text-align: justify;\">Debido al desbordamiento del r\u00edo Cholgu\u00e1n, la pasarela que conectaba a estas familias con Santa Luc\u00eda Bajo qued\u00f3 destruida, dej\u00e1ndolas aisladas y dificultando su acceso a servicios m\u00e9dicos y suministros b\u00e1sicos. Conscientes de esta dif\u00edcil situaci\u00f3n, tal como se realiz\u00f3 el mes pasado, el municipio coordin\u00f3 esfuerzos con el Servicio Nacional de Prevenci\u00f3n de Riesgos Desastres (SENAPRED) para brindar ayuda a los afectados.<\/p>\n<p style=\"text-align: justify;\">El helic\u00f3ptero de Carabineros de Chile se convirti\u00f3 en una herramienta invaluable para transportar personal de salud hasta el otro lado del r\u00edo y proporcionar atenci\u00f3n m\u00e9dica a las familias afectadas. Adem\u00e1s, se entregaron medicamentos esenciales para garantizar la continuidad de los tratamientos y cuidados necesarios.<\/p>\n<p style=\"text-align: justify;\">En esta ocasi\u00f3n, se distribuyeron Cajas de Alimentos y elementos de primera necesidad para ayudarles a enfrentar esta dif\u00edcil situaci\u00f3n a cada familia que contaba con la Ficha B\u00e1sica de Emergencia del sector. La ayuda que incluye tambi\u00e9n un quintal de harina es un apoyo que se extender\u00e1 durante los pr\u00f3ximos meses, gracias al compromiso del Gobernador, Oscar Cris\u00f3stomo Llanos.<\/p>\n<p style=\"text-align: justify;\">El alcalde Rafael Cifuentes Rodr\u00edguez expres\u00f3 su profundo agradecimiento tanto a SENAPRED por facilitar la coordinaci\u00f3n y log\u00edstica de esta importante ayuda, como a Carabineros de Chile por su disposici\u00f3n y colaboraci\u00f3n en esta tarea humanitaria tan necesaria.<\/p>\n<p style=\"text-align: justify;\">A medida que contin\u00faan los esfuerzos de recuperaci\u00f3n en la zona, el trabajo en equipo es fundamental para superar adversidades y reconstruir comunidades.<\/p>\n","protected":false},"excerpt":{"rendered":"<p>Yungay, julio 2023: Una valiosa colaboraci\u00f3n entre el municipio y SENAPRED permiti\u00f3 la llegada de un Helic\u00f3ptero de Carabineros de Chile, llevando atenci\u00f3n m\u00e9dica y suministros a las familias afectadas por las inundaciones causadas&#46;&#46;&#46;<\/p>\n","protected":false},"author":2,"featured_media":29065,"comment_status":"closed","ping_status":"open","sticky":false,"template":"","format":"standard","meta":{"footnotes":""},"categories":[1],"tags":[25,1115,302,8,6,117],"class_list":["post-29064","post","type-post","status-publish","format-standard","has-post-thumbnail","hentry","category-noticias","tag-carabineros","tag-noticias","tag-santa-lucia-bajo","tag-yungay","tag-yungayino","tag-yungayinocl"],"_links":{"self":[{"href":"https:\/\/www.yungayino.cl\/noticias\/index.php?rest_route=\/wp\/v2\/posts\/29064","targetHints":{"allow":["GET"]}}],"collection":[{"href":"https:\/\/www.yungayino.cl\/noticias\/index.php?rest_route=\/wp\/v2\/posts"}],"about":[{"href":"https:\/\/www.yungayino.cl\/noticias\/index.php?rest_route=\/wp\/v2\/types\/post"}],"author":[{"embeddable":true,"href":"https:\/\/www.yungayino.cl\/noticias\/index.php?rest_route=\/wp\/v2\/users\/2"}],"replies":[{"embeddable":true,"href":"https:\/\/www.yungayino.cl\/noticias\/index.php?rest_route=%2Fwp%2Fv2%2Fcomments&post=29064"}],"version-history":[{"count":1,"href":"https:\/\/www.yungayino.cl\/noticias\/index.php?rest_route=\/wp\/v2\/posts\/29064\/revisions"}],"predecessor-version":[{"id":29066,"href":"https:\/\/www.yungayino.cl\/noticias\/index.php?rest_route=\/wp\/v2\/posts\/29064\/revisions\/29066"}],"wp:featuredmedia":[{"embeddable":true,"href":"https:\/\/www.yungayino.cl\/noticias\/index.php?rest_route=\/wp\/v2\/media\/29065"}],"wp:attachment":[{"href":"https:\/\/www.yungayino.cl\/noticias\/index.php?rest_route=%2Fwp%2Fv2%2Fmedia&parent=29064"}],"wp:term":[{"taxonomy":"category","embeddable":true,"href":"https:\/\/www.yungayino.cl\/noticias\/index.php?rest_route=%2Fwp%2Fv2%2Fcategories&post=29064"},{"taxonomy":"post_tag","embeddable":true,"href":"https:\/\/www.yungayino.cl\/noticias\/index.php?rest_route=%2Fwp%2Fv2%2Ftags&post=29064"}],"curies":[{"name":"wp","href":"https:\/\/api.w.org\/{rel}","templated":true}]}}