{"id":29073,"date":"2023-07-28T23:00:06","date_gmt":"2023-07-29T03:00:06","guid":{"rendered":"http:\/\/www.yungayino.cl\/noticias\/?p=29073"},"modified":"2023-07-31T23:26:52","modified_gmt":"2023-08-01T03:26:52","slug":"taller-las-maravillas-de-san-antonio","status":"publish","type":"post","link":"https:\/\/www.yungayino.cl\/noticias\/?p=29073","title":{"rendered":"Taller Las Maravillas de San Antonio"},"content":{"rendered":"<p><img loading=\"lazy\" decoding=\"async\" class=\"alignnone wp-image-29074 size-full\" src=\"http:\/\/www.yungayino.cl\/noticias\/wp-content\/uploads\/2023\/07\/taller-las-maravillas-san-antonio-interior.jpg\" alt=\"\" width=\"700\" height=\"437\" srcset=\"https:\/\/www.yungayino.cl\/noticias\/wp-content\/uploads\/2023\/07\/taller-las-maravillas-san-antonio-interior.jpg 700w, https:\/\/www.yungayino.cl\/noticias\/wp-content\/uploads\/2023\/07\/taller-las-maravillas-san-antonio-interior-300x187.jpg 300w, https:\/\/www.yungayino.cl\/noticias\/wp-content\/uploads\/2023\/07\/taller-las-maravillas-san-antonio-interior-240x150.jpg 240w\" sizes=\"auto, (max-width: 700px) 100vw, 700px\" \/><\/p>\n<p style=\"text-align: justify;\">Yungay, julio 2023: En un d\u00eda lleno de creatividad, el alcalde Rafael Cifuentes Rodr\u00edguez, la directora de desarrollo comunitario, Pamela Jelves, y la encargada del programa municipal \u00abAutonom\u00eda de la Mujer\u00bb, Karen Novoa, tuvieron el honor de visitar el taller de manualidades \u00abLas Maravillas de San Antonio\u00bb. Este taller es una joya oculta en nuestra comunidad, ya que trabaja en conjunto con el programa municipal para empoderar a las mujeres y fomentar el desarrollo art\u00edstico y econ\u00f3mico.<\/p>\n<p style=\"text-align: justify;\">Al llegar al taller, todos fueron recibidos con una c\u00e1lida bienvenida por parte de la dedicada monitora, Marta P\u00eda Osses, quien ha sido fundamental para el \u00e9xito y crecimiento del programa. Marta P\u00eda ha sido una inspiraci\u00f3n para las mujeres del taller, gui\u00e1ndolas con paciencia y conocimiento en el arte de trabajar con lana.<\/p>\n<p style=\"text-align: justify;\">La muestra de trabajos realizados por las mujeres fue simplemente fabulosa. Las habilidades y talentos que se exhibieron eran impresionantes y reflejaban el esfuerzo y la dedicaci\u00f3n que cada una de ellas hab\u00eda puesto en sus creaciones.<\/p>\n<p style=\"text-align: justify;\">Durante la visita, el alcalde Rafael Cifuentes Rodr\u00edguez expres\u00f3 su gratitud y admiraci\u00f3n hacia todas las mujeres que formaban parte de \u00abLas Maravillas de San Antonio\u00bb. Destac\u00f3 la importancia de este tipo de iniciativas que empoderan a las mujeres y promueven la inclusi\u00f3n y el crecimiento comunitario.<\/p>\n","protected":false},"excerpt":{"rendered":"<p>Yungay, julio 2023: En un d\u00eda lleno de creatividad, el alcalde Rafael Cifuentes Rodr\u00edguez, la directora de desarrollo comunitario, Pamela Jelves, y la encargada del programa municipal \u00abAutonom\u00eda de la Mujer\u00bb, Karen Novoa, tuvieron&#46;&#46;&#46;<\/p>\n","protected":false},"author":2,"featured_media":29075,"comment_status":"closed","ping_status":"open","sticky":false,"template":"","format":"standard","meta":{"footnotes":""},"categories":[1],"tags":[1115,510,2902,8,6,117],"class_list":["post-29073","post","type-post","status-publish","format-standard","has-post-thumbnail","hentry","category-noticias","tag-noticias","tag-san-antonio","tag-taller-las-maravillas","tag-yungay","tag-yungayino","tag-yungayinocl"],"_links":{"self":[{"href":"https:\/\/www.yungayino.cl\/noticias\/index.php?rest_route=\/wp\/v2\/posts\/29073","targetHints":{"allow":["GET"]}}],"collection":[{"href":"https:\/\/www.yungayino.cl\/noticias\/index.php?rest_route=\/wp\/v2\/posts"}],"about":[{"href":"https:\/\/www.yungayino.cl\/noticias\/index.php?rest_route=\/wp\/v2\/types\/post"}],"author":[{"embeddable":true,"href":"https:\/\/www.yungayino.cl\/noticias\/index.php?rest_route=\/wp\/v2\/users\/2"}],"replies":[{"embeddable":true,"href":"https:\/\/www.yungayino.cl\/noticias\/index.php?rest_route=%2Fwp%2Fv2%2Fcomments&post=29073"}],"version-history":[{"count":1,"href":"https:\/\/www.yungayino.cl\/noticias\/index.php?rest_route=\/wp\/v2\/posts\/29073\/revisions"}],"predecessor-version":[{"id":29076,"href":"https:\/\/www.yungayino.cl\/noticias\/index.php?rest_route=\/wp\/v2\/posts\/29073\/revisions\/29076"}],"wp:featuredmedia":[{"embeddable":true,"href":"https:\/\/www.yungayino.cl\/noticias\/index.php?rest_route=\/wp\/v2\/media\/29075"}],"wp:attachment":[{"href":"https:\/\/www.yungayino.cl\/noticias\/index.php?rest_route=%2Fwp%2Fv2%2Fmedia&parent=29073"}],"wp:term":[{"taxonomy":"category","embeddable":true,"href":"https:\/\/www.yungayino.cl\/noticias\/index.php?rest_route=%2Fwp%2Fv2%2Fcategories&post=29073"},{"taxonomy":"post_tag","embeddable":true,"href":"https:\/\/www.yungayino.cl\/noticias\/index.php?rest_route=%2Fwp%2Fv2%2Ftags&post=29073"}],"curies":[{"name":"wp","href":"https:\/\/api.w.org\/{rel}","templated":true}]}}