{"id":29080,"date":"2023-07-29T23:00:45","date_gmt":"2023-07-30T03:00:45","guid":{"rendered":"http:\/\/www.yungayino.cl\/noticias\/?p=29080"},"modified":"2023-07-31T23:31:12","modified_gmt":"2023-08-01T03:31:12","slug":"taller-mujeres-emprendedoras-de-ranchillo-bajo","status":"publish","type":"post","link":"https:\/\/www.yungayino.cl\/noticias\/?p=29080","title":{"rendered":"Taller Mujeres Emprendedoras de Ranchillo Bajo"},"content":{"rendered":"<p><img loading=\"lazy\" decoding=\"async\" class=\"alignnone wp-image-29081 size-full\" src=\"http:\/\/www.yungayino.cl\/noticias\/wp-content\/uploads\/2023\/07\/taller-mujeres-emprendedoras-ranchillo-bajo.jpg\" alt=\"\" width=\"700\" height=\"350\" srcset=\"https:\/\/www.yungayino.cl\/noticias\/wp-content\/uploads\/2023\/07\/taller-mujeres-emprendedoras-ranchillo-bajo.jpg 700w, https:\/\/www.yungayino.cl\/noticias\/wp-content\/uploads\/2023\/07\/taller-mujeres-emprendedoras-ranchillo-bajo-300x150.jpg 300w\" sizes=\"auto, (max-width: 700px) 100vw, 700px\" \/><\/p>\n<p style=\"text-align: justify;\">Yungay, julio 2023: Visita al taller \u00abMujeres Emprendedoras de Ranchillo Bajo\u00bb, donde la talentosa monitora Marta Pia Osses gu\u00eda y ense\u00f1a a estas mujeres emprendedoras.<\/p>\n<p style=\"text-align: justify;\">Fue un encuentro lleno de creatividad y pasi\u00f3n. Las mujeres de Ranchillo Bajo han demostrado ser incre\u00edblemente talentosas en sus creaciones, y es inspirador ver c\u00f3mo trabajan juntas para alcanzar sus metas.<\/p>\n<p style=\"text-align: justify;\">La actividad cont\u00f3 con la presencia del alcalde Rafael Cifuentes Rodr\u00edguez, la directora de desarrollo comunitario, Pamela Jelves, la encargada del programa municipal \u201cAutonom\u00eda Econ\u00f3mica de la Mujer\u201d, Karen Novoa, y las concejalas Berta Cid y Patricia Moncada, quienes aplaudieron el talento y el esfuerzo de estas mujeres emprendedoras.<\/p>\n<p style=\"text-align: justify;\">Seguir\u00e1n apoyando y celebrando el esp\u00edritu emprendedor de estas mujeres valientes. \u00a1El futuro es brillante para \u201cMujeres Emprendedoras de Ranchillo Bajo\u201d!<\/p>\n","protected":false},"excerpt":{"rendered":"<p>Yungay, julio 2023: Visita al taller \u00abMujeres Emprendedoras de Ranchillo Bajo\u00bb, donde la talentosa monitora Marta Pia Osses gu\u00eda y ense\u00f1a a estas mujeres emprendedoras. Fue un encuentro lleno de creatividad y pasi\u00f3n. Las&#46;&#46;&#46;<\/p>\n","protected":false},"author":2,"featured_media":29081,"comment_status":"closed","ping_status":"open","sticky":false,"template":"","format":"standard","meta":{"footnotes":""},"categories":[1],"tags":[1115,78,2904,8,6,117],"class_list":["post-29080","post","type-post","status-publish","format-standard","has-post-thumbnail","hentry","category-noticias","tag-noticias","tag-ranchillo-bajo","tag-taller-mujeres-emprendedoras","tag-yungay","tag-yungayino","tag-yungayinocl"],"_links":{"self":[{"href":"https:\/\/www.yungayino.cl\/noticias\/index.php?rest_route=\/wp\/v2\/posts\/29080","targetHints":{"allow":["GET"]}}],"collection":[{"href":"https:\/\/www.yungayino.cl\/noticias\/index.php?rest_route=\/wp\/v2\/posts"}],"about":[{"href":"https:\/\/www.yungayino.cl\/noticias\/index.php?rest_route=\/wp\/v2\/types\/post"}],"author":[{"embeddable":true,"href":"https:\/\/www.yungayino.cl\/noticias\/index.php?rest_route=\/wp\/v2\/users\/2"}],"replies":[{"embeddable":true,"href":"https:\/\/www.yungayino.cl\/noticias\/index.php?rest_route=%2Fwp%2Fv2%2Fcomments&post=29080"}],"version-history":[{"count":1,"href":"https:\/\/www.yungayino.cl\/noticias\/index.php?rest_route=\/wp\/v2\/posts\/29080\/revisions"}],"predecessor-version":[{"id":29082,"href":"https:\/\/www.yungayino.cl\/noticias\/index.php?rest_route=\/wp\/v2\/posts\/29080\/revisions\/29082"}],"wp:featuredmedia":[{"embeddable":true,"href":"https:\/\/www.yungayino.cl\/noticias\/index.php?rest_route=\/wp\/v2\/media\/29081"}],"wp:attachment":[{"href":"https:\/\/www.yungayino.cl\/noticias\/index.php?rest_route=%2Fwp%2Fv2%2Fmedia&parent=29080"}],"wp:term":[{"taxonomy":"category","embeddable":true,"href":"https:\/\/www.yungayino.cl\/noticias\/index.php?rest_route=%2Fwp%2Fv2%2Fcategories&post=29080"},{"taxonomy":"post_tag","embeddable":true,"href":"https:\/\/www.yungayino.cl\/noticias\/index.php?rest_route=%2Fwp%2Fv2%2Ftags&post=29080"}],"curies":[{"name":"wp","href":"https:\/\/api.w.org\/{rel}","templated":true}]}}