{"id":29116,"date":"2023-08-03T10:00:04","date_gmt":"2023-08-03T14:00:04","guid":{"rendered":"http:\/\/www.yungayino.cl\/noticias\/?p=29116"},"modified":"2023-08-03T15:23:44","modified_gmt":"2023-08-03T19:23:44","slug":"primera-feria-vocacional-de-carabineros-en-yungay","status":"publish","type":"post","link":"https:\/\/www.yungayino.cl\/noticias\/?p=29116","title":{"rendered":"Primera Feria Vocacional de Carabineros en Yungay"},"content":{"rendered":"<p><img loading=\"lazy\" decoding=\"async\" class=\"alignnone wp-image-29118 size-full\" src=\"http:\/\/www.yungayino.cl\/noticias\/wp-content\/uploads\/2023\/08\/feria-vocacional-player.jpg\" alt=\"\" width=\"700\" height=\"990\" srcset=\"https:\/\/www.yungayino.cl\/noticias\/wp-content\/uploads\/2023\/08\/feria-vocacional-player.jpg 700w, https:\/\/www.yungayino.cl\/noticias\/wp-content\/uploads\/2023\/08\/feria-vocacional-player-212x300.jpg 212w, https:\/\/www.yungayino.cl\/noticias\/wp-content\/uploads\/2023\/08\/feria-vocacional-player-106x150.jpg 106w\" sizes=\"auto, (max-width: 700px) 100vw, 700px\" \/><\/p>\n<p style=\"text-align: justify;\">Yungay, agosto 2023: El Mayor y Comisario de la 4ta. Comisaria de Carabineros de Yungay, Sr. Paulo Jim\u00e9nez Due\u00f1as, invita a participar en la Primera Feria Vocacional de Carabineros de Chile, dirigida a estudiantes y p\u00fablico en general de las comunas de Yungay, El Carmen y Pemuco.<\/p>\n<p style=\"text-align: justify;\">Esta actividad se llevar\u00e1 a cabo el d\u00eda Jueves 10 de Agosto a las 09:30 horas en el sal\u00f3n comunitario multiuso de la comuna de Yungay.<\/p>\n<p style=\"text-align: justify;\">La finalidad de esta feria vocacional es entregar informaci\u00f3n de las diferentes alternativas de desarrollo profesional dentro de Carabineros de Chile, asimismo contar\u00e1 con exposiciones de inter\u00e9s sobre la prevenci\u00f3n de delitos y autocuidado, enfocado principalmente a nuestra comunidad estudiantil, como tambi\u00e9n a las autoridades, profesores, padres, apoderados y p\u00fablico en general.<\/p>\n","protected":false},"excerpt":{"rendered":"<p>Yungay, agosto 2023: El Mayor y Comisario de la 4ta. Comisaria de Carabineros de Yungay, Sr. Paulo Jim\u00e9nez Due\u00f1as, invita a participar en la Primera Feria Vocacional de Carabineros de Chile, dirigida a estudiantes&#46;&#46;&#46;<\/p>\n","protected":false},"author":2,"featured_media":29117,"comment_status":"closed","ping_status":"open","sticky":false,"template":"","format":"standard","meta":{"footnotes":""},"categories":[1],"tags":[25,1175,1115,8,6,117],"class_list":["post-29116","post","type-post","status-publish","format-standard","has-post-thumbnail","hentry","category-noticias","tag-carabineros","tag-feria-vocacional","tag-noticias","tag-yungay","tag-yungayino","tag-yungayinocl"],"_links":{"self":[{"href":"https:\/\/www.yungayino.cl\/noticias\/index.php?rest_route=\/wp\/v2\/posts\/29116","targetHints":{"allow":["GET"]}}],"collection":[{"href":"https:\/\/www.yungayino.cl\/noticias\/index.php?rest_route=\/wp\/v2\/posts"}],"about":[{"href":"https:\/\/www.yungayino.cl\/noticias\/index.php?rest_route=\/wp\/v2\/types\/post"}],"author":[{"embeddable":true,"href":"https:\/\/www.yungayino.cl\/noticias\/index.php?rest_route=\/wp\/v2\/users\/2"}],"replies":[{"embeddable":true,"href":"https:\/\/www.yungayino.cl\/noticias\/index.php?rest_route=%2Fwp%2Fv2%2Fcomments&post=29116"}],"version-history":[{"count":1,"href":"https:\/\/www.yungayino.cl\/noticias\/index.php?rest_route=\/wp\/v2\/posts\/29116\/revisions"}],"predecessor-version":[{"id":29119,"href":"https:\/\/www.yungayino.cl\/noticias\/index.php?rest_route=\/wp\/v2\/posts\/29116\/revisions\/29119"}],"wp:featuredmedia":[{"embeddable":true,"href":"https:\/\/www.yungayino.cl\/noticias\/index.php?rest_route=\/wp\/v2\/media\/29117"}],"wp:attachment":[{"href":"https:\/\/www.yungayino.cl\/noticias\/index.php?rest_route=%2Fwp%2Fv2%2Fmedia&parent=29116"}],"wp:term":[{"taxonomy":"category","embeddable":true,"href":"https:\/\/www.yungayino.cl\/noticias\/index.php?rest_route=%2Fwp%2Fv2%2Fcategories&post=29116"},{"taxonomy":"post_tag","embeddable":true,"href":"https:\/\/www.yungayino.cl\/noticias\/index.php?rest_route=%2Fwp%2Fv2%2Ftags&post=29116"}],"curies":[{"name":"wp","href":"https:\/\/api.w.org\/{rel}","templated":true}]}}