{"id":29126,"date":"2023-08-06T10:00:23","date_gmt":"2023-08-06T14:00:23","guid":{"rendered":"http:\/\/www.yungayino.cl\/noticias\/?p=29126"},"modified":"2023-08-03T16:04:46","modified_gmt":"2023-08-03T20:04:46","slug":"atencion-a-todos-los-amantes-de-la-poesia-las-decimas-las-cuecas-y-las-canciones","status":"publish","type":"post","link":"https:\/\/www.yungayino.cl\/noticias\/?p=29126","title":{"rendered":"Atenci\u00f3n A Todos Los Amantes De La Poes\u00eda, Las D\u00e9cimas, Las Cuecas Y Las Canciones"},"content":{"rendered":"<p><img loading=\"lazy\" decoding=\"async\" class=\"alignnone wp-image-29127 size-full\" src=\"http:\/\/www.yungayino.cl\/noticias\/wp-content\/uploads\/2023\/08\/fernando-yanez-payador.jpg\" alt=\"\" width=\"700\" height=\"351\" srcset=\"https:\/\/www.yungayino.cl\/noticias\/wp-content\/uploads\/2023\/08\/fernando-yanez-payador.jpg 700w, https:\/\/www.yungayino.cl\/noticias\/wp-content\/uploads\/2023\/08\/fernando-yanez-payador-300x150.jpg 300w, https:\/\/www.yungayino.cl\/noticias\/wp-content\/uploads\/2023\/08\/fernando-yanez-payador-299x150.jpg 299w\" sizes=\"auto, (max-width: 700px) 100vw, 700px\" \/><\/p>\n<p style=\"text-align: justify;\">Yungay, agosto 2023: Por segundo a\u00f1o consecutivo, La Oficina de Cultura estar\u00e1 llevando a cabo junto a Fernando Ya\u00f1ez un apasionante taller de escritura creativa. Si te encanta expresarte a trav\u00e9s de las palabras y la m\u00fasica, \u00a1esta es tu oportunidad!<\/p>\n<p style=\"text-align: justify;\">En este espacio \u00fanico, nos reuniremos los d\u00edas lunes a las 18:00 horas en las oficinas de DIDEL, ubicadas al lado del ex-internado. Juntos, exploraremos la magia de la poes\u00eda, las tradiciones de las d\u00e9cimas, el ritmo de las cuecas y la melod\u00eda de las canciones.<\/p>\n<p style=\"text-align: justify;\">\u00a1No importa si eres principiante o tienes experiencia en la escritura y la m\u00fasica! El taller es inclusivo y est\u00e1 abierto a todos los interesados en descubrir y desarrollar su creatividad.<\/p>\n<p style=\"text-align: justify;\">\u00bfQu\u00e9 esperas? \u00a1\u00danete a esta enriquecedora experiencia y d\u00e9jate llevar por la inspiraci\u00f3n!<\/p>\n<p style=\"text-align: justify;\">Para asegurar tu cupo, por favor confirma tu asistencia enviando un mensaje privado a Oficina de Cultura<\/p>\n<p style=\"text-align: justify;\">\u00a1Ven con tus ideas, tu pasi\u00f3n por las letras y la m\u00fasica, y prep\u00e1rate para vivir momentos inolvidables!<\/p>\n<p style=\"text-align: justify;\">\u00a1Los esperamos con los brazos abiertos para compartir el arte de la palabra y la melod\u00eda!<\/p>\n<p style=\"text-align: justify;\"><a href=\"https:\/\/fb.watch\/marbdzDXMm\/\">https:\/\/fb.watch\/marbdzDXMm\/<\/a><\/p>\n","protected":false},"excerpt":{"rendered":"<p>Yungay, agosto 2023: Por segundo a\u00f1o consecutivo, La Oficina de Cultura estar\u00e1 llevando a cabo junto a Fernando Ya\u00f1ez un apasionante taller de escritura creativa. Si te encanta expresarte a trav\u00e9s de las palabras&#46;&#46;&#46;<\/p>\n","protected":false},"author":2,"featured_media":29127,"comment_status":"closed","ping_status":"open","sticky":false,"template":"","format":"standard","meta":{"footnotes":""},"categories":[1],"tags":[2911,1115,8,6,117],"class_list":["post-29126","post","type-post","status-publish","format-standard","has-post-thumbnail","hentry","category-noticias","tag-fernando-yanez","tag-noticias","tag-yungay","tag-yungayino","tag-yungayinocl"],"_links":{"self":[{"href":"https:\/\/www.yungayino.cl\/noticias\/index.php?rest_route=\/wp\/v2\/posts\/29126","targetHints":{"allow":["GET"]}}],"collection":[{"href":"https:\/\/www.yungayino.cl\/noticias\/index.php?rest_route=\/wp\/v2\/posts"}],"about":[{"href":"https:\/\/www.yungayino.cl\/noticias\/index.php?rest_route=\/wp\/v2\/types\/post"}],"author":[{"embeddable":true,"href":"https:\/\/www.yungayino.cl\/noticias\/index.php?rest_route=\/wp\/v2\/users\/2"}],"replies":[{"embeddable":true,"href":"https:\/\/www.yungayino.cl\/noticias\/index.php?rest_route=%2Fwp%2Fv2%2Fcomments&post=29126"}],"version-history":[{"count":1,"href":"https:\/\/www.yungayino.cl\/noticias\/index.php?rest_route=\/wp\/v2\/posts\/29126\/revisions"}],"predecessor-version":[{"id":29128,"href":"https:\/\/www.yungayino.cl\/noticias\/index.php?rest_route=\/wp\/v2\/posts\/29126\/revisions\/29128"}],"wp:featuredmedia":[{"embeddable":true,"href":"https:\/\/www.yungayino.cl\/noticias\/index.php?rest_route=\/wp\/v2\/media\/29127"}],"wp:attachment":[{"href":"https:\/\/www.yungayino.cl\/noticias\/index.php?rest_route=%2Fwp%2Fv2%2Fmedia&parent=29126"}],"wp:term":[{"taxonomy":"category","embeddable":true,"href":"https:\/\/www.yungayino.cl\/noticias\/index.php?rest_route=%2Fwp%2Fv2%2Fcategories&post=29126"},{"taxonomy":"post_tag","embeddable":true,"href":"https:\/\/www.yungayino.cl\/noticias\/index.php?rest_route=%2Fwp%2Fv2%2Ftags&post=29126"}],"curies":[{"name":"wp","href":"https:\/\/api.w.org\/{rel}","templated":true}]}}