{"id":29145,"date":"2023-08-07T07:00:40","date_gmt":"2023-08-07T11:00:40","guid":{"rendered":"http:\/\/www.yungayino.cl\/noticias\/?p=29145"},"modified":"2023-08-05T20:29:13","modified_gmt":"2023-08-06T00:29:13","slug":"gobierno-regional-destaca-rol-de-dirigentes-y-su-contribucion-al-desarrollo-de-nuble","status":"publish","type":"post","link":"https:\/\/www.yungayino.cl\/noticias\/?p=29145","title":{"rendered":"Gobierno Regional Destaca Rol De Dirigentes Y Su Contribuci\u00f3n Al Desarrollo De \u00d1uble"},"content":{"rendered":"<p><img loading=\"lazy\" decoding=\"async\" class=\"alignnone wp-image-29146 size-full\" src=\"http:\/\/www.yungayino.cl\/noticias\/wp-content\/uploads\/2023\/08\/dirigentes-nuble.jpg\" alt=\"\" width=\"700\" height=\"350\" srcset=\"https:\/\/www.yungayino.cl\/noticias\/wp-content\/uploads\/2023\/08\/dirigentes-nuble.jpg 700w, https:\/\/www.yungayino.cl\/noticias\/wp-content\/uploads\/2023\/08\/dirigentes-nuble-300x150.jpg 300w\" sizes=\"auto, (max-width: 700px) 100vw, 700px\" \/><\/p>\n<p style=\"text-align: justify;\">\u00d1uble, agosto 2023: Con motivo de la conmemoraci\u00f3n del D\u00eda del Dirigente Social y Comunitario, el Gobernador Cris\u00f3stomo entreg\u00f3 20 reconocimientos a l\u00edderes en \u00e1reas tan diversas como Deporte, Cultura, Adulto Mayor, Medio Ambiente, entre otros.<\/p>\n<p style=\"text-align: justify;\">Ad portas de un nuevo D\u00eda del Dirigente Social y Comunitario, el Gobernador Regional, \u00d3scar Cris\u00f3stomo, destac\u00f3 a 20 hombres y mujeres de \u00d1uble que con su liderazgo y vocaci\u00f3n de servicio han fortalecido su comunidad e impulsado iniciativas en beneficio de sus vecinos u organizaciones.<\/p>\n<p style=\"text-align: justify;\">Sobre este reconocimiento, el Gobernador Cris\u00f3stomo detall\u00f3 que \u201chemos invitado a dirigentes de distintos \u00e1mbitos, cultural, deportivo, social, juntas de vecinos, vivienda, rural, de distintas comunas de \u00d1uble. Creo que es importante el proceso de confianza que hemos logrado en estos dos a\u00f1os de trabajo, partimos en programas con 600 organizaciones, hoy son m\u00e1s de 1.700 que est\u00e1n asociadas al Gobierno Regional, ya sea en actividades permanentes, postulaci\u00f3n de proyectos, es un esfuerzo que hemos hecho mancomunadamente, tanto ellos en confiar en nosotros y nosotros en confiar en ellos, porque nos permiten llegar a toda nuestra regi\u00f3n\u201d.<\/p>\n<p style=\"text-align: justify;\">Respecto al rol fundamental que desempe\u00f1an, recalc\u00f3 que \u201cson ese tercer sector que tiene nuestra sociedad civil, que permite en un trabajo mancomunado poder ayudar a sus vecinos. Nuestros dirigentes sociales, adem\u00e1s, lo hacen desinteresadamente, sin ning\u00fan sueldo, es por el amor que le tienen a sus personas. As\u00ed que nosotros muy felices de reconocer el trabajo que hacen y vamos a seguir por esta misma senda, muy de la mano con cada uno de ellos\u201d.<\/p>\n<p style=\"text-align: justify;\">A su vez, el vicepresidente del Consejo de la Sociedad Civil (Cosoc) del Gobierno Regional, Eduardo Abarca, agradeci\u00f3 al Gobernador por esta jornada y destac\u00f3 que \u201cnos ha incorporado a todas las comunas peque\u00f1as, no es solamente Chill\u00e1n, sino que la Regi\u00f3n de \u00d1uble somos todos nosotros, somos 21 comunas, \u00e9l nos ha dado una preponderancia frente a esto y como vicepresidente del Cosoc quiero hablar de eso, porque la oportunidad que \u00e9l nos est\u00e1 dando a nosotros es poder participar en las decisiones de nuestra regi\u00f3n y creo que eso es relevante para poder hacer un desarrollo sostenible con la opini\u00f3n de los vecinos y m\u00e1s cercano a la ciudadan\u00eda\u201d.<\/p>\n<p style=\"text-align: justify;\"><strong>Testimonio de los dirigentes<\/strong><\/p>\n<p style=\"text-align: justify;\">Durante el encuentro, los dirigentes provenientes de diversas comunas y l\u00edderes en diferentes \u00e1mbitos pudieron compartir su experiencia con sus pares y recibieron un galvano de reconocimiento por parte del Gobierno Regional para destacar su contribuci\u00f3n al desarrollo de sus comunidades, organizaciones y la regi\u00f3n.<\/p>\n<p style=\"text-align: justify;\">Para Raquel Villanueva, Presidenta del Club Adulto Mayor Amistad, esta invitaci\u00f3n fue \u201cun privilegio, es de alguna manera sentir que se nos reconoce la labor que hacemos. Trabajar con los adultos mayores es una gran actividad, porque estamos en continuo acercamiento con ellos (\u2026) nosotros los motivamos a que se organicen, porque es una forma de socializar, porque queremos tener un envejecimiento que sea activo, que sea saludable, que sea digno tambi\u00e9n. Agradecer que el Gobernador reconozca esto\u201d.<\/p>\n<p style=\"text-align: justify;\">Del mismo modo, Patricio Guti\u00e9rrez, Presidente de la Asociaci\u00f3n de Clubes de Huaso de \u00d1uble, expres\u00f3 que \u201csomos una de las asociaciones m\u00e1s grandes del pa\u00eds y el Gobernador, al primer llamado, que le tocamos la puerta a algunas necesidades que ten\u00edamos, nos respondi\u00f3, y hace algunos d\u00edas firmamos un convenio por una ambulancia para este a\u00f1o de temporada, as\u00ed que los huasos de \u00d1uble est\u00e1n muy agradecidos, no tan solo por lo que ha hecho el Gobernador, sino tambi\u00e9n por considerarnos desde el minuto uno. As\u00ed que, felices y contentos de poder acompa\u00f1arlos en el D\u00eda del Dirigente Comunitario\u201d.<\/p>\n<p style=\"text-align: justify;\">Finalmente, Viviana Cisterna, Presidenta de la Asociaci\u00f3n Gremial de Mujeres Campesinas de \u00d1uble, asegur\u00f3 que \u201cpara nosotros es importante este reconocimiento, ya que nuestro trabajo es bien dif\u00edcil, pero estas cosas son gratificantes y nos ayudan para seguir trabajando; as\u00ed que esto es un est\u00edmulo para nosotros, ser reconocidos, ser atendidos, como estuvo hoy, bien bonita la actividad, as\u00ed que se agradece mucho\u201d.<\/p>\n<p style=\"text-align: justify;\">Cabe se\u00f1alar que cada 7 de agosto en nuestro pa\u00eds se conmemora el D\u00eda del Dirigente Social y Comunitario como una forma de reconocer el rol y la labor que estas personas cumplen en la sociedad.<\/p>\n","protected":false},"excerpt":{"rendered":"<p>\u00d1uble, agosto 2023: Con motivo de la conmemoraci\u00f3n del D\u00eda del Dirigente Social y Comunitario, el Gobernador Cris\u00f3stomo entreg\u00f3 20 reconocimientos a l\u00edderes en \u00e1reas tan diversas como Deporte, Cultura, Adulto Mayor, Medio Ambiente,&#46;&#46;&#46;<\/p>\n","protected":false},"author":2,"featured_media":29146,"comment_status":"closed","ping_status":"open","sticky":false,"template":"","format":"standard","meta":{"footnotes":""},"categories":[1],"tags":[1115,1678,8,6,117],"class_list":["post-29145","post","type-post","status-publish","format-standard","has-post-thumbnail","hentry","category-noticias","tag-noticias","tag-nuble","tag-yungay","tag-yungayino","tag-yungayinocl"],"_links":{"self":[{"href":"https:\/\/www.yungayino.cl\/noticias\/index.php?rest_route=\/wp\/v2\/posts\/29145","targetHints":{"allow":["GET"]}}],"collection":[{"href":"https:\/\/www.yungayino.cl\/noticias\/index.php?rest_route=\/wp\/v2\/posts"}],"about":[{"href":"https:\/\/www.yungayino.cl\/noticias\/index.php?rest_route=\/wp\/v2\/types\/post"}],"author":[{"embeddable":true,"href":"https:\/\/www.yungayino.cl\/noticias\/index.php?rest_route=\/wp\/v2\/users\/2"}],"replies":[{"embeddable":true,"href":"https:\/\/www.yungayino.cl\/noticias\/index.php?rest_route=%2Fwp%2Fv2%2Fcomments&post=29145"}],"version-history":[{"count":2,"href":"https:\/\/www.yungayino.cl\/noticias\/index.php?rest_route=\/wp\/v2\/posts\/29145\/revisions"}],"predecessor-version":[{"id":29148,"href":"https:\/\/www.yungayino.cl\/noticias\/index.php?rest_route=\/wp\/v2\/posts\/29145\/revisions\/29148"}],"wp:featuredmedia":[{"embeddable":true,"href":"https:\/\/www.yungayino.cl\/noticias\/index.php?rest_route=\/wp\/v2\/media\/29146"}],"wp:attachment":[{"href":"https:\/\/www.yungayino.cl\/noticias\/index.php?rest_route=%2Fwp%2Fv2%2Fmedia&parent=29145"}],"wp:term":[{"taxonomy":"category","embeddable":true,"href":"https:\/\/www.yungayino.cl\/noticias\/index.php?rest_route=%2Fwp%2Fv2%2Fcategories&post=29145"},{"taxonomy":"post_tag","embeddable":true,"href":"https:\/\/www.yungayino.cl\/noticias\/index.php?rest_route=%2Fwp%2Fv2%2Ftags&post=29145"}],"curies":[{"name":"wp","href":"https:\/\/api.w.org\/{rel}","templated":true}]}}