{"id":29149,"date":"2023-08-08T07:00:22","date_gmt":"2023-08-08T11:00:22","guid":{"rendered":"http:\/\/www.yungayino.cl\/noticias\/?p=29149"},"modified":"2023-08-05T20:31:11","modified_gmt":"2023-08-06T00:31:11","slug":"sistema-de-admision-escolar-se-inicio-el-proceso-de-postulacion-a-establecimientos-de-nuble","status":"publish","type":"post","link":"https:\/\/www.yungayino.cl\/noticias\/?p=29149","title":{"rendered":"Sistema De Admisi\u00f3n Escolar: Se Inici\u00f3 El Proceso De Postulaci\u00f3n A Establecimientos De \u00d1uble"},"content":{"rendered":"<p><img loading=\"lazy\" decoding=\"async\" class=\"alignnone wp-image-29150 size-full\" src=\"http:\/\/www.yungayino.cl\/noticias\/wp-content\/uploads\/2023\/08\/admision-escolar.jpg\" alt=\"\" width=\"700\" height=\"350\" srcset=\"https:\/\/www.yungayino.cl\/noticias\/wp-content\/uploads\/2023\/08\/admision-escolar.jpg 700w, https:\/\/www.yungayino.cl\/noticias\/wp-content\/uploads\/2023\/08\/admision-escolar-300x150.jpg 300w\" sizes=\"auto, (max-width: 700px) 100vw, 700px\" \/><\/p>\n<p style=\"text-align: justify;\">\u00d1uble, agosto 2023: Este 4 de agosto comenz\u00f3 el Sistema de Admisi\u00f3n Escolar 2024 (SAE), que permitir\u00e1 a cada apoderada y apoderado encontrar, en l\u00ednea, diversos establecimientos educacionales p\u00fablicos y particulares subvencionados para sus hijas e hijos.<\/p>\n<p style=\"text-align: justify;\">El per\u00edodo principal de postulaci\u00f3n al SAE durar\u00e1 hasta el 1 de septiembre. El Seremi de Educaci\u00f3n, profesor C\u00e9sar Riquelme Alarc\u00f3n, destac\u00f3 que, \u201ctodos los estudiantes de Chile est\u00e1n en iguales condiciones para poder postular a los establecimientos que deseen. Dentro de eso tambi\u00e9n los resultados del sistema de emisi\u00f3n arrojan de que m\u00e1s del 90% de los estudiantes quedan dentro de las 3 primeras opciones que eligen en el Sistema de Admisi\u00f3n Escolar. Entendemos de que es un sistema que ha pasado por gobiernos de distinto signo y que de alguna manera ya est\u00e1 consolidado\u201d.<\/p>\n<p style=\"text-align: justify;\">Las y los apoderados deben estar atentos a las siguientes fechas del proceso, c\u00f3mo entre el 19 y el 25 de octubre, per\u00edodo de publicaci\u00f3n de los resultados. Entre los d\u00edas 6 y 7 de noviembre se publicar\u00e1n los resultados de la lista de espera.<\/p>\n<p style=\"text-align: justify;\"><strong><u>C\u00f3mo funciona el Sistema de Admisi\u00f3n Escolar<\/u><\/strong><\/p>\n<p style=\"text-align: justify;\">El proceso se realiza a trav\u00e9s del sitio web <a href=\"http:\/\/www.sistemadeadmisionescolar.cl\">www.sistemadeadmisionescolar.cl<\/a>, en el cual las y los apoderados se pueden registrar, buscar establecimientos a lo largo de Chile y ordenarlos en un listado de preferencias.<\/p>\n<p style=\"text-align: justify;\">En el mismo portal en el que se realiza la postulaci\u00f3n se puede descargar el comprobante. La web contiene toda la informaci\u00f3n, desde el n\u00famero de vacantes disponibles hasta el tipo de jornada de cada establecimiento.<\/p>\n<p style=\"text-align: justify;\">La Coordinadora Regional del SAE, Camila Ram\u00edrez, destac\u00f3 que \u201clas familias que tengan dudas en su proceso de postulaci\u00f3n a acercarse a los a algunos de los 105 puntos distribuidos en la regi\u00f3n, con a lo menos 1 punto por comuna, para que puedan resolver sus dudas en los procesos de postulaci\u00f3n y tambi\u00e9n para poder corregir cualquier detalle que existan los antecedentes del estudiante al momento de ingresar a la p\u00e1gina del Sistema de Admisi\u00f3n Escolar. Tambi\u00e9n nos encontramos a disposici\u00f3n de las familias en las oficinas de la Secretar\u00eda Regional Ministerial\u201d.<\/p>\n<p style=\"text-align: justify;\"><strong>Otras fechas importantes del proceso<\/strong><\/p>\n<p style=\"text-align: justify;\">Periodo complementario para postulaci\u00f3n: Entre el 17 y 24 de noviembre<\/p>\n<p style=\"text-align: justify;\">Publicaci\u00f3n de resultados del periodo complementario: El 7 de diciembre<\/p>\n<p style=\"text-align: justify;\">Periodo de matr\u00edcula presencial: Del 11 al 22 de diciembre<\/p>\n<p style=\"text-align: justify;\">Periodo de regularizaci\u00f3n para repitentes: Los d\u00edas 26 y 27 de diciembre<\/p>\n<p style=\"text-align: justify;\">Inicio del periodo de regularizaci\u00f3n del a\u00f1o lectivo 2024: El 28 de diciembre.<\/p>\n","protected":false},"excerpt":{"rendered":"<p>\u00d1uble, agosto 2023: Este 4 de agosto comenz\u00f3 el Sistema de Admisi\u00f3n Escolar 2024 (SAE), que permitir\u00e1 a cada apoderada y apoderado encontrar, en l\u00ednea, diversos establecimientos educacionales p\u00fablicos y particulares subvencionados para sus&#46;&#46;&#46;<\/p>\n","protected":false},"author":2,"featured_media":29150,"comment_status":"closed","ping_status":"open","sticky":false,"template":"","format":"standard","meta":{"footnotes":""},"categories":[1],"tags":[366,1115,2914,2913,8,6,117],"class_list":["post-29149","post","type-post","status-publish","format-standard","has-post-thumbnail","hentry","category-noticias","tag-educacion","tag-noticias","tag-postulacion-establecimientos-educacionales","tag-sistema-escolar","tag-yungay","tag-yungayino","tag-yungayinocl"],"_links":{"self":[{"href":"https:\/\/www.yungayino.cl\/noticias\/index.php?rest_route=\/wp\/v2\/posts\/29149","targetHints":{"allow":["GET"]}}],"collection":[{"href":"https:\/\/www.yungayino.cl\/noticias\/index.php?rest_route=\/wp\/v2\/posts"}],"about":[{"href":"https:\/\/www.yungayino.cl\/noticias\/index.php?rest_route=\/wp\/v2\/types\/post"}],"author":[{"embeddable":true,"href":"https:\/\/www.yungayino.cl\/noticias\/index.php?rest_route=\/wp\/v2\/users\/2"}],"replies":[{"embeddable":true,"href":"https:\/\/www.yungayino.cl\/noticias\/index.php?rest_route=%2Fwp%2Fv2%2Fcomments&post=29149"}],"version-history":[{"count":2,"href":"https:\/\/www.yungayino.cl\/noticias\/index.php?rest_route=\/wp\/v2\/posts\/29149\/revisions"}],"predecessor-version":[{"id":29152,"href":"https:\/\/www.yungayino.cl\/noticias\/index.php?rest_route=\/wp\/v2\/posts\/29149\/revisions\/29152"}],"wp:featuredmedia":[{"embeddable":true,"href":"https:\/\/www.yungayino.cl\/noticias\/index.php?rest_route=\/wp\/v2\/media\/29150"}],"wp:attachment":[{"href":"https:\/\/www.yungayino.cl\/noticias\/index.php?rest_route=%2Fwp%2Fv2%2Fmedia&parent=29149"}],"wp:term":[{"taxonomy":"category","embeddable":true,"href":"https:\/\/www.yungayino.cl\/noticias\/index.php?rest_route=%2Fwp%2Fv2%2Fcategories&post=29149"},{"taxonomy":"post_tag","embeddable":true,"href":"https:\/\/www.yungayino.cl\/noticias\/index.php?rest_route=%2Fwp%2Fv2%2Ftags&post=29149"}],"curies":[{"name":"wp","href":"https:\/\/api.w.org\/{rel}","templated":true}]}}