{"id":29153,"date":"2023-08-11T07:00:23","date_gmt":"2023-08-11T11:00:23","guid":{"rendered":"http:\/\/www.yungayino.cl\/noticias\/?p=29153"},"modified":"2023-08-05T20:32:50","modified_gmt":"2023-08-06T00:32:50","slug":"mayores-de-18-anos-cuentan-con-apoyo-del-gobierno-para-concluir-su-ensenanza-media","status":"publish","type":"post","link":"https:\/\/www.yungayino.cl\/noticias\/?p=29153","title":{"rendered":"Mayores De 18 A\u00f1os Cuentan Con Apoyo Del Gobierno Para Concluir Su Ense\u00f1anza Media"},"content":{"rendered":"<p><img loading=\"lazy\" decoding=\"async\" class=\"alignnone wp-image-29154 size-full\" src=\"http:\/\/www.yungayino.cl\/noticias\/wp-content\/uploads\/2023\/08\/escribir.jpg\" alt=\"\" width=\"700\" height=\"350\" srcset=\"https:\/\/www.yungayino.cl\/noticias\/wp-content\/uploads\/2023\/08\/escribir.jpg 700w, https:\/\/www.yungayino.cl\/noticias\/wp-content\/uploads\/2023\/08\/escribir-300x150.jpg 300w\" sizes=\"auto, (max-width: 700px) 100vw, 700px\" \/><\/p>\n<p style=\"text-align: justify;\">Nacional, agosto 2023: Quienes deseen continuar estudios o nivelarlos para fines laborales podr\u00e1n postular a la plataforma Grad\u00faate en <a href=\"http:\/\/www.sence.cl\">www.sence.cl<\/a>.<\/p>\n<p style=\"text-align: justify;\">El apoyo del Estado en la inserci\u00f3n laboral de quienes, por distintas razones, no han finalizado la educaci\u00f3n media, se consolid\u00f3 en la creaci\u00f3n de la plataforma Grad\u00faate que el Servicio Nacional de Capacitaci\u00f3n y Empleo, Sence, habilit\u00f3 de manera gratuita.<\/p>\n<p style=\"text-align: justify;\">El desarrollo de la iniciativa, orientado para mayores de 18 a\u00f1os con educaci\u00f3n media incompleta, ser\u00e1 asincr\u00f3nico y entregar\u00e1 las herramientas y contenidos necesarios para preparar a los estudiantes en la rendici\u00f3n de ex\u00e1menes libres ante el Ministerio de Educaci\u00f3n.<\/p>\n<p style=\"text-align: justify;\">La directora regional del Sence \u00d1uble, Leandra Mac\u00edas Leiva, recalc\u00f3 la importancia de este servicio habilitado, ya que ofrece preparaci\u00f3n para la rendici\u00f3n de ex\u00e1menes a quienes requieran un certificado de estudios para fines laborales o para los que se proyectan seguir en la educaci\u00f3n superior. \u201cEsta plataforma viene a apoyar a las personas que necesitan contar con un certificado exigido en sus centros de trabajo para procesos de contrataci\u00f3n, jubilaci\u00f3n, realizaci\u00f3n de tr\u00e1mites previsionales, entre otros, o tambi\u00e9n para aquellas que aspiren la continuaci\u00f3n de estudios; de esta manera, como organismo p\u00fablico estamos dando un impulso al mejoramiento de la empleabilidad de las y los trabajadores\u201d, indic\u00f3 la funcionaria.<\/p>\n<p style=\"text-align: justify;\">El profesor C\u00e9sar Riquelme, Seremi de Educaci\u00f3n de \u00d1uble, resalt\u00f3 esta iniciativa del gobierno del presidente Gabriel Boric, y los beneficios de la conclusi\u00f3n de la ense\u00f1anza media en la eliminaci\u00f3n de una serie de obst\u00e1culos y en la mejora de la calidad de vida. \u201cLa educaci\u00f3n es el motor a trav\u00e9s del cual las personas pueden mejorar su situaci\u00f3n personal y familiar, por lo tanto, es deseable que todas las personas efectivamente cumplan con estos requisitos. Adem\u00e1s, entendemos que esto implica en profundizar aprendizajes en ciencia natural, en ciencia social, en lenguaje y comunicaci\u00f3n, en matem\u00e1ticas, en idioma extranjero, etc\u00e9tera. Eso tambi\u00e9n le da un bagaje cultural mayor a todas las personas, que les permite tambi\u00e9n desenvolverse mejor en la sociedad\u201d, coment\u00f3 la autoridad.<\/p>\n<p style=\"text-align: justify;\"><strong><u>Requisitos<\/u><\/strong><\/p>\n<ul style=\"text-align: justify;\">\n<li>Ser mayor de 18 a\u00f1os<\/li>\n<li>Contar con RUN chileno vigente<\/li>\n<li>Tener Clave \u00danica<\/li>\n<\/ul>\n<p style=\"text-align: justify;\">Las personas inscripciones para la validaci\u00f3n de estudios terminan el 17 de agosto en <a href=\"https:\/\/inscripcion-validacion-estudios.mineduc.cl\/solicitud-inscripcion-snec\/continuidadDeEstudios\/\">Mineduc<\/a> para y los ex\u00e1menes se desarrollar\u00e1n entre el 18 y 22 octubre de este a\u00f1o.<\/p>\n<p style=\"text-align: justify;\">Este beneficio es financiado a trav\u00e9s de un proyecto con cargo al 5% por intermedio del OTIC C\u00e1mara Chilena de la Construcci\u00f3n, que a su vez contrat\u00f3 los servicios de la entidad ejecutora Open Green Road (OGR) para la construcci\u00f3n del sitio y elaboraci\u00f3n de contenidos, los cuales fueron revisados por el Mineduc.<\/p>\n","protected":false},"excerpt":{"rendered":"<p>Nacional, agosto 2023: Quienes deseen continuar estudios o nivelarlos para fines laborales podr\u00e1n postular a la plataforma Grad\u00faate en www.sence.cl. El apoyo del Estado en la inserci\u00f3n laboral de quienes, por distintas razones, no&#46;&#46;&#46;<\/p>\n","protected":false},"author":2,"featured_media":29154,"comment_status":"closed","ping_status":"open","sticky":false,"template":"","format":"standard","meta":{"footnotes":""},"categories":[1],"tags":[366,1599,1115,8,6,117],"class_list":["post-29153","post","type-post","status-publish","format-standard","has-post-thumbnail","hentry","category-noticias","tag-educacion","tag-mineduc","tag-noticias","tag-yungay","tag-yungayino","tag-yungayinocl"],"_links":{"self":[{"href":"https:\/\/www.yungayino.cl\/noticias\/index.php?rest_route=\/wp\/v2\/posts\/29153","targetHints":{"allow":["GET"]}}],"collection":[{"href":"https:\/\/www.yungayino.cl\/noticias\/index.php?rest_route=\/wp\/v2\/posts"}],"about":[{"href":"https:\/\/www.yungayino.cl\/noticias\/index.php?rest_route=\/wp\/v2\/types\/post"}],"author":[{"embeddable":true,"href":"https:\/\/www.yungayino.cl\/noticias\/index.php?rest_route=\/wp\/v2\/users\/2"}],"replies":[{"embeddable":true,"href":"https:\/\/www.yungayino.cl\/noticias\/index.php?rest_route=%2Fwp%2Fv2%2Fcomments&post=29153"}],"version-history":[{"count":1,"href":"https:\/\/www.yungayino.cl\/noticias\/index.php?rest_route=\/wp\/v2\/posts\/29153\/revisions"}],"predecessor-version":[{"id":29155,"href":"https:\/\/www.yungayino.cl\/noticias\/index.php?rest_route=\/wp\/v2\/posts\/29153\/revisions\/29155"}],"wp:featuredmedia":[{"embeddable":true,"href":"https:\/\/www.yungayino.cl\/noticias\/index.php?rest_route=\/wp\/v2\/media\/29154"}],"wp:attachment":[{"href":"https:\/\/www.yungayino.cl\/noticias\/index.php?rest_route=%2Fwp%2Fv2%2Fmedia&parent=29153"}],"wp:term":[{"taxonomy":"category","embeddable":true,"href":"https:\/\/www.yungayino.cl\/noticias\/index.php?rest_route=%2Fwp%2Fv2%2Fcategories&post=29153"},{"taxonomy":"post_tag","embeddable":true,"href":"https:\/\/www.yungayino.cl\/noticias\/index.php?rest_route=%2Fwp%2Fv2%2Ftags&post=29153"}],"curies":[{"name":"wp","href":"https:\/\/api.w.org\/{rel}","templated":true}]}}