{"id":29156,"date":"2023-08-14T07:00:00","date_gmt":"2023-08-14T11:00:00","guid":{"rendered":"http:\/\/www.yungayino.cl\/noticias\/?p=29156"},"modified":"2023-08-05T20:34:33","modified_gmt":"2023-08-06T00:34:33","slug":"por-segundo-ano-consecutivo-nuble-sera-sede-de-los-juegos-nacionales-de-invierno-organizados-por-olimpiadas-especiales","status":"publish","type":"post","link":"https:\/\/www.yungayino.cl\/noticias\/?p=29156","title":{"rendered":"Por Segundo A\u00f1o Consecutivo \u00d1uble Ser\u00e1 Sede De Los Juegos Nacionales De Invierno Organizados Por Olimpiadas Especiales"},"content":{"rendered":"<p><img loading=\"lazy\" decoding=\"async\" class=\"alignnone wp-image-29157 size-full\" src=\"http:\/\/www.yungayino.cl\/noticias\/wp-content\/uploads\/2023\/08\/olimpiadas-especiales.jpg\" alt=\"\" width=\"700\" height=\"350\" srcset=\"https:\/\/www.yungayino.cl\/noticias\/wp-content\/uploads\/2023\/08\/olimpiadas-especiales.jpg 700w, https:\/\/www.yungayino.cl\/noticias\/wp-content\/uploads\/2023\/08\/olimpiadas-especiales-300x150.jpg 300w\" sizes=\"auto, (max-width: 700px) 100vw, 700px\" \/><\/p>\n<p style=\"text-align: justify;\">\u00d1uble, agosto 2023: El evento deportivo, que se desarrollar\u00e1 entre el 28 y 30 de agosto, ser\u00e1 financiado por el Gobierno Regional y contempla competencias en las disciplinas de esqu\u00ed y snowboard junto a actividades recreativas a trav\u00e9s de la caminata en raqueta.<\/p>\n<p style=\"text-align: justify;\">\u00d1uble recibir\u00e1 por segundo a\u00f1o consecutivo, los Juegos Nacionales de Invierno, un evento que busca entregar oportunidades para mejorar la calidad de vida de los y las deportistas nacionales con discapacidad intelectual a trav\u00e9s de los deportes invernales. La noticia la dio a conocer el Gobernador de \u00d1uble, \u00d3scar Cris\u00f3stomo, luego de concretar la firma de convenio con la Presidenta de Olimpiadas Especiales Chile, Carolina Picasso, para financiar la jornada que se llevar\u00e1 a cabo entre el 28 y 30 de agosto en Nevados de Chill\u00e1n.<\/p>\n<p style=\"text-align: justify;\">La actividad considera competencia en las disciplinas de esqu\u00ed y snowboard, cuyas inscripciones son abiertas para ni\u00f1os, ni\u00f1as y adolescentes, mayores de 15 a\u00f1os, con discapacidad intelectual de todo Chile. Adicionalmente, la organizaci\u00f3n incluy\u00f3 este a\u00f1o la actividad recreativa de caminata en raqueta, en la que puede participar cualquier persona a partir de los 13 a\u00f1os de edad, pero que provenga de la Regi\u00f3n de \u00d1uble.<\/p>\n<p style=\"text-align: justify;\">Junto con destacar la continuidad de las Olimpiadas Especiales de Chile en \u00d1uble, el Gobernador Cris\u00f3stomo, describi\u00f3 que este campeonato \u201cnos permite generar en base a la sana competencia, un punto de encuentro para las personas que tienen discapacidad y talentos distintos, este a\u00f1o lo vamos a hacer nuevamente en las Termas de Chill\u00e1n, en un convenio que tenemos con el municipio para poder hacer campeonatos de snowboard, de esqu\u00ed y este a\u00f1o tambi\u00e9n se va a incorporar caminata con raqueta, que va a ser algo muy interesante\u201d. Junto con ello, destac\u00f3 Cris\u00f3stomo, avanzamos en tener una regi\u00f3n que sea m\u00e1s inclusiva y que hable de inclusi\u00f3n.<\/p>\n<p style=\"text-align: justify;\">Asimismo, Carolina Picasso, expres\u00f3 que \u201cestamos felices de poder repetir estas instancias en la Regi\u00f3n de \u00d1uble. La verdad que como organizaci\u00f3n siempre buscamos llegar a regiones, y creo que el liderazgo que ha tenido el Gobierno Regional de \u00d1uble es remarcable y estamos tremendamente agradecidos, justamente por la confianza depositada en repetir esta instancia en este lugar maravilloso que tienen en esta regi\u00f3n\u201d. Y detall\u00f3 que \u201cla novedad para este a\u00f1o es el desarrollo deportivo de caminata en raquetas, esta actividad la tenemos reservada para los y las j\u00f3venes de la regi\u00f3n, la competencia de esqu\u00ed y de snowboard es abierta para todo el Chile, y efectivamente vamos a venir con participantes de muchas regiones, sin embargo, la caminata en raquetas es para los j\u00f3venes y las j\u00f3venes de \u00d1uble, y queremos que el a\u00f1o que viene puedan participar en la instancia competitiva de esta disciplina en los Juegos Mundiales de Invierno de Olimpiadas Especiales que son en Italia en el 2025\u201d.<\/p>\n<p style=\"text-align: justify;\">Por su parte, Ingrid Villa, directora de la Escuela Juan Madrid Azolas de Chill\u00e1n, relat\u00f3 que la escuela \u201ctiene un proyecto bastante grande y muy pionero en la inclusi\u00f3n y nos complace mucho tener esta oportunidad para nuestros ni\u00f1os, porque la verdad es que no se promueve esto mucho, por lo tanto, para ellos es maravilloso. La idea es que los siete ni\u00f1os que vinieron participen de la caminata esa es la idea\u201d.<\/p>\n<p style=\"text-align: justify;\">Cabe se\u00f1alar que Olimpiadas Especiales es una organizaci\u00f3n internacional presente en m\u00e1s de 192 pa\u00edses y que tiene por misi\u00f3n proporcionar entrenamiento y competici\u00f3n deportiva en diferentes deportes ol\u00edmpicos, a ni\u00f1os, ni\u00f1as, j\u00f3venes y adultos con discapacidad intelectual.<\/p>\n","protected":false},"excerpt":{"rendered":"<p>\u00d1uble, agosto 2023: El evento deportivo, que se desarrollar\u00e1 entre el 28 y 30 de agosto, ser\u00e1 financiado por el Gobierno Regional y contempla competencias en las disciplinas de esqu\u00ed y snowboard junto a&#46;&#46;&#46;<\/p>\n","protected":false},"author":2,"featured_media":29157,"comment_status":"closed","ping_status":"open","sticky":false,"template":"","format":"standard","meta":{"footnotes":""},"categories":[1],"tags":[1120,1115,1678,2915,8,6,117],"class_list":["post-29156","post","type-post","status-publish","format-standard","has-post-thumbnail","hentry","category-noticias","tag-deporte","tag-noticias","tag-nuble","tag-olimpiadas-especiales","tag-yungay","tag-yungayino","tag-yungayinocl"],"_links":{"self":[{"href":"https:\/\/www.yungayino.cl\/noticias\/index.php?rest_route=\/wp\/v2\/posts\/29156","targetHints":{"allow":["GET"]}}],"collection":[{"href":"https:\/\/www.yungayino.cl\/noticias\/index.php?rest_route=\/wp\/v2\/posts"}],"about":[{"href":"https:\/\/www.yungayino.cl\/noticias\/index.php?rest_route=\/wp\/v2\/types\/post"}],"author":[{"embeddable":true,"href":"https:\/\/www.yungayino.cl\/noticias\/index.php?rest_route=\/wp\/v2\/users\/2"}],"replies":[{"embeddable":true,"href":"https:\/\/www.yungayino.cl\/noticias\/index.php?rest_route=%2Fwp%2Fv2%2Fcomments&post=29156"}],"version-history":[{"count":1,"href":"https:\/\/www.yungayino.cl\/noticias\/index.php?rest_route=\/wp\/v2\/posts\/29156\/revisions"}],"predecessor-version":[{"id":29158,"href":"https:\/\/www.yungayino.cl\/noticias\/index.php?rest_route=\/wp\/v2\/posts\/29156\/revisions\/29158"}],"wp:featuredmedia":[{"embeddable":true,"href":"https:\/\/www.yungayino.cl\/noticias\/index.php?rest_route=\/wp\/v2\/media\/29157"}],"wp:attachment":[{"href":"https:\/\/www.yungayino.cl\/noticias\/index.php?rest_route=%2Fwp%2Fv2%2Fmedia&parent=29156"}],"wp:term":[{"taxonomy":"category","embeddable":true,"href":"https:\/\/www.yungayino.cl\/noticias\/index.php?rest_route=%2Fwp%2Fv2%2Fcategories&post=29156"},{"taxonomy":"post_tag","embeddable":true,"href":"https:\/\/www.yungayino.cl\/noticias\/index.php?rest_route=%2Fwp%2Fv2%2Ftags&post=29156"}],"curies":[{"name":"wp","href":"https:\/\/api.w.org\/{rel}","templated":true}]}}