{"id":29160,"date":"2023-08-07T20:00:18","date_gmt":"2023-08-08T00:00:18","guid":{"rendered":"http:\/\/www.yungayino.cl\/noticias\/?p=29160"},"modified":"2023-08-07T22:11:34","modified_gmt":"2023-08-08T02:11:34","slug":"municipio-de-yungay-celebro-el-dia-del-dirigente-social-y-comunitario-6","status":"publish","type":"post","link":"https:\/\/www.yungayino.cl\/noticias\/?p=29160","title":{"rendered":"Municipio De Yungay Celebr\u00f3 El \u201cD\u00eda Del Dirigente Social y Comunitario\u201d"},"content":{"rendered":"<p><img loading=\"lazy\" decoding=\"async\" class=\"alignnone wp-image-29161 size-full\" src=\"http:\/\/www.yungayino.cl\/noticias\/wp-content\/uploads\/2023\/08\/PORTADA-2.jpg\" alt=\"\" width=\"700\" height=\"363\" srcset=\"https:\/\/www.yungayino.cl\/noticias\/wp-content\/uploads\/2023\/08\/PORTADA-2.jpg 700w, https:\/\/www.yungayino.cl\/noticias\/wp-content\/uploads\/2023\/08\/PORTADA-2-300x156.jpg 300w, https:\/\/www.yungayino.cl\/noticias\/wp-content\/uploads\/2023\/08\/PORTADA-2-289x150.jpg 289w\" sizes=\"auto, (max-width: 700px) 100vw, 700px\" \/><\/p>\n<p style=\"text-align: justify;\">Yungay, agosto 2023: Con un almuerzo de camarader\u00eda el Municipio de Yungay celebr\u00f3 el \u201cD\u00eda del Dirigente Social y Comunitario\u201d, celebraci\u00f3n tradicional que recuerda la promulgaci\u00f3n de la ley 16.880 de 1968, que crea, establece y reconoce las formas de organizaci\u00f3n de base, sus atribuciones, obligaciones y la existencia del dirigente comunitario.<\/p>\n<p style=\"text-align: justify;\">La celebraci\u00f3n se inici\u00f3 a partir de las 13:00 horas en las dependencias del Gimnasio Multiuso y cont\u00f3 con la participaci\u00f3n del Alcalde Rafael Cifuentes, la SEREMI de la Secretar\u00eda Regional de Gobierno de la Regi\u00f3n de \u00d1uble, Valentina Pradenas Andrade, el Honorable Concejo Municipal, adem\u00e1s del Sr. Gonzalo Sandoval en Representaci\u00f3n del Gobernador e Invitados.<\/p>\n<p style=\"text-align: justify;\">El Alcalde de Yungay, <strong>Rafael Cifuentes<\/strong> y la SEREMI <strong>Valentina Pradenas<\/strong> en la oportunidad resaltaron y destacaron la labor que realizan los Dirigentes por sus Comunidades y Territorios valorando el trabajo que desinteresadamente realizan estas personas, adem\u00e1s ambas autoridades se comprometieron a seguir trabajando todos juntos y tambi\u00e9n entregarles las herramientas necesarias para hacer posible el importante trabajo que realizan.<\/p>\n<p style=\"text-align: justify;\">Cabe mencionar que esta celebraci\u00f3n se realiz\u00f3 bajo el alero de la Oficina de Organizaciones Sociales de la Direcci\u00f3n de Desarrollo Comunitario (DIDECO) liderada por su Jefa, Pamela Jelves.<\/p>\n<p style=\"text-align: justify;\">Finalmente destacar que la jornada cont\u00f3 con la participaci\u00f3n del cantante Yungayino \u201cLuis San Martin\u201d vestido con su elegante traje de charro, qui\u00e9n interpret\u00f3 m\u00fasica mexicana, baladas y temas rom\u00e1nticos para los presentes.<\/p>\n<p>&nbsp;<\/p>\n<p style=\"text-align: justify;\">[su_button url=\u00bbhttps:\/\/www.facebook.com\/media\/set\/?vanity=yungayino.cl&amp;set=a.674947084675132&#8243; target=\u00bbblank\u00bb size=\u00bb7&#8243; radius=\u00bbround\u00bb icon=\u00bbicon: facebook-square\u00bb]FOTOGRAF\u00cdAS &#8211; Municipio De Yungay Celebr\u00f3 El \u201cD\u00eda Del Dirigente Social y Comunitario\u201d[\/su_button]<\/p>\n","protected":false},"excerpt":{"rendered":"<p>Yungay, agosto 2023: Con un almuerzo de camarader\u00eda el Municipio de Yungay celebr\u00f3 el \u201cD\u00eda del Dirigente Social y Comunitario\u201d, celebraci\u00f3n tradicional que recuerda la promulgaci\u00f3n de la ley 16.880 de 1968, que crea,&#46;&#46;&#46;<\/p>\n","protected":false},"author":2,"featured_media":29161,"comment_status":"closed","ping_status":"open","sticky":false,"template":"","format":"standard","meta":{"footnotes":""},"categories":[1],"tags":[2916,1115,8,6,117],"class_list":["post-29160","post","type-post","status-publish","format-standard","has-post-thumbnail","hentry","category-noticias","tag-dia-dirigente-social-y-comunitario","tag-noticias","tag-yungay","tag-yungayino","tag-yungayinocl"],"_links":{"self":[{"href":"https:\/\/www.yungayino.cl\/noticias\/index.php?rest_route=\/wp\/v2\/posts\/29160","targetHints":{"allow":["GET"]}}],"collection":[{"href":"https:\/\/www.yungayino.cl\/noticias\/index.php?rest_route=\/wp\/v2\/posts"}],"about":[{"href":"https:\/\/www.yungayino.cl\/noticias\/index.php?rest_route=\/wp\/v2\/types\/post"}],"author":[{"embeddable":true,"href":"https:\/\/www.yungayino.cl\/noticias\/index.php?rest_route=\/wp\/v2\/users\/2"}],"replies":[{"embeddable":true,"href":"https:\/\/www.yungayino.cl\/noticias\/index.php?rest_route=%2Fwp%2Fv2%2Fcomments&post=29160"}],"version-history":[{"count":4,"href":"https:\/\/www.yungayino.cl\/noticias\/index.php?rest_route=\/wp\/v2\/posts\/29160\/revisions"}],"predecessor-version":[{"id":29164,"href":"https:\/\/www.yungayino.cl\/noticias\/index.php?rest_route=\/wp\/v2\/posts\/29160\/revisions\/29164"}],"wp:featuredmedia":[{"embeddable":true,"href":"https:\/\/www.yungayino.cl\/noticias\/index.php?rest_route=\/wp\/v2\/media\/29161"}],"wp:attachment":[{"href":"https:\/\/www.yungayino.cl\/noticias\/index.php?rest_route=%2Fwp%2Fv2%2Fmedia&parent=29160"}],"wp:term":[{"taxonomy":"category","embeddable":true,"href":"https:\/\/www.yungayino.cl\/noticias\/index.php?rest_route=%2Fwp%2Fv2%2Fcategories&post=29160"},{"taxonomy":"post_tag","embeddable":true,"href":"https:\/\/www.yungayino.cl\/noticias\/index.php?rest_route=%2Fwp%2Fv2%2Ftags&post=29160"}],"curies":[{"name":"wp","href":"https:\/\/api.w.org\/{rel}","templated":true}]}}