{"id":29186,"date":"2023-08-10T08:00:25","date_gmt":"2023-08-10T12:00:25","guid":{"rendered":"http:\/\/www.yungayino.cl\/noticias\/?p=29186"},"modified":"2023-08-09T19:26:26","modified_gmt":"2023-08-09T23:26:26","slug":"municipio-invita-a-celebracion-dia-de-los-ninos-y-las-ninas","status":"publish","type":"post","link":"https:\/\/www.yungayino.cl\/noticias\/?p=29186","title":{"rendered":"Municipio Invita A Celebraci\u00f3n D\u00eda De Los Ni\u00f1os Y Las Ni\u00f1as"},"content":{"rendered":"<p><img loading=\"lazy\" decoding=\"async\" class=\"alignnone wp-image-29187 size-full\" src=\"http:\/\/www.yungayino.cl\/noticias\/wp-content\/uploads\/2023\/08\/8-agosto-dia-nino-1-e1691623458565.jpg\" alt=\"\" width=\"700\" height=\"700\" srcset=\"https:\/\/www.yungayino.cl\/noticias\/wp-content\/uploads\/2023\/08\/8-agosto-dia-nino-1-e1691623458565.jpg 700w, https:\/\/www.yungayino.cl\/noticias\/wp-content\/uploads\/2023\/08\/8-agosto-dia-nino-1-e1691623458565-300x300.jpg 300w, https:\/\/www.yungayino.cl\/noticias\/wp-content\/uploads\/2023\/08\/8-agosto-dia-nino-1-e1691623458565-150x150.jpg 150w, https:\/\/www.yungayino.cl\/noticias\/wp-content\/uploads\/2023\/08\/8-agosto-dia-nino-1-e1691623458565-80x80.jpg 80w, https:\/\/www.yungayino.cl\/noticias\/wp-content\/uploads\/2023\/08\/8-agosto-dia-nino-1-e1691623458565-320x320.jpg 320w\" sizes=\"auto, (max-width: 700px) 100vw, 700px\" \/><\/p>\n<p style=\"text-align: justify;\">Agosto 2023: Municipalidad de Yungay con motivo de la celebraci\u00f3n del D\u00eda del Ni\u00f1o y la Ni\u00f1a, ha preparado entretenidas actividades en Campanario y Yungay.<\/p>\n<p style=\"text-align: justify;\">Sabiendo lo importante que es que cada rinc\u00f3n de nuestra comunidad sea parte de esta alegr\u00eda, por eso Municipio ha organizado traslados especiales para los sectores rurales.<\/p>\n<p style=\"text-align: justify;\">Consulta las im\u00e1genes adjuntas para conocer los horarios de salida de cada sector. Queremos que toda la comunidad pueda unirse a la diversi\u00f3n y vivir momentos m\u00e1gicos juntos.<\/p>\n<p style=\"text-align: justify;\">Prep\u00e1rate para disfrutar de un d\u00eda lleno de risas, juegos y recuerdos inolvidables. Este viernes 11 de agosto nos reuniremos en el Gimnasio de Campanario, y el s\u00e1bado 12 en el Sal\u00f3n Multiuso de Yungay, para festejar el D\u00eda de la Ni\u00f1ez.<\/p>\n<p style=\"text-align: justify;\">Habr\u00e1 juegos inflables, actividades divertidas, m\u00fasica y mucho m\u00e1s. Es la ocasi\u00f3n perfecta para compartir sonrisas, abrazos y momentos especiales en compa\u00f1\u00eda de los ni\u00f1os que llenan de luz nuestras vidas.<\/p>\n<p style=\"text-align: justify;\">No importa si eres joven o joven de coraz\u00f3n, \u00a1todos est\u00e1n invitados a unirse a esta celebraci\u00f3n llena de magia y emoci\u00f3n!<\/p>\n<p style=\"text-align: justify;\">Este es un momento para recordar la importancia de valorar la ni\u00f1ez y crear recuerdos inolvidables.<\/p>\n<p>&nbsp;<\/p>\n<p><img loading=\"lazy\" decoding=\"async\" class=\"alignnone wp-image-29188 size-full\" src=\"http:\/\/www.yungayino.cl\/noticias\/wp-content\/uploads\/2023\/08\/8-agosto-movilizacion-1.jpg\" alt=\"\" width=\"700\" height=\"700\" srcset=\"https:\/\/www.yungayino.cl\/noticias\/wp-content\/uploads\/2023\/08\/8-agosto-movilizacion-1.jpg 700w, https:\/\/www.yungayino.cl\/noticias\/wp-content\/uploads\/2023\/08\/8-agosto-movilizacion-1-300x300.jpg 300w, https:\/\/www.yungayino.cl\/noticias\/wp-content\/uploads\/2023\/08\/8-agosto-movilizacion-1-150x150.jpg 150w, https:\/\/www.yungayino.cl\/noticias\/wp-content\/uploads\/2023\/08\/8-agosto-movilizacion-1-80x80.jpg 80w, https:\/\/www.yungayino.cl\/noticias\/wp-content\/uploads\/2023\/08\/8-agosto-movilizacion-1-320x320.jpg 320w\" sizes=\"auto, (max-width: 700px) 100vw, 700px\" \/><\/p>\n<p><img loading=\"lazy\" decoding=\"async\" class=\"alignnone wp-image-29189 size-full\" src=\"http:\/\/www.yungayino.cl\/noticias\/wp-content\/uploads\/2023\/08\/8-agosto-movilizacion-2.jpg\" alt=\"\" width=\"700\" height=\"700\" srcset=\"https:\/\/www.yungayino.cl\/noticias\/wp-content\/uploads\/2023\/08\/8-agosto-movilizacion-2.jpg 700w, https:\/\/www.yungayino.cl\/noticias\/wp-content\/uploads\/2023\/08\/8-agosto-movilizacion-2-300x300.jpg 300w, https:\/\/www.yungayino.cl\/noticias\/wp-content\/uploads\/2023\/08\/8-agosto-movilizacion-2-150x150.jpg 150w, https:\/\/www.yungayino.cl\/noticias\/wp-content\/uploads\/2023\/08\/8-agosto-movilizacion-2-80x80.jpg 80w, https:\/\/www.yungayino.cl\/noticias\/wp-content\/uploads\/2023\/08\/8-agosto-movilizacion-2-320x320.jpg 320w\" sizes=\"auto, (max-width: 700px) 100vw, 700px\" \/><\/p>\n","protected":false},"excerpt":{"rendered":"<p>Agosto 2023: Municipalidad de Yungay con motivo de la celebraci\u00f3n del D\u00eda del Ni\u00f1o y la Ni\u00f1a, ha preparado entretenidas actividades en Campanario y Yungay. Sabiendo lo importante que es que cada rinc\u00f3n de&#46;&#46;&#46;<\/p>\n","protected":false},"author":2,"featured_media":29190,"comment_status":"closed","ping_status":"open","sticky":false,"template":"","format":"standard","meta":{"footnotes":""},"categories":[1],"tags":[230,2918,1115,8,6,117],"class_list":["post-29186","post","type-post","status-publish","format-standard","has-post-thumbnail","hentry","category-noticias","tag-dia-del-nino","tag-ninez","tag-noticias","tag-yungay","tag-yungayino","tag-yungayinocl"],"_links":{"self":[{"href":"https:\/\/www.yungayino.cl\/noticias\/index.php?rest_route=\/wp\/v2\/posts\/29186","targetHints":{"allow":["GET"]}}],"collection":[{"href":"https:\/\/www.yungayino.cl\/noticias\/index.php?rest_route=\/wp\/v2\/posts"}],"about":[{"href":"https:\/\/www.yungayino.cl\/noticias\/index.php?rest_route=\/wp\/v2\/types\/post"}],"author":[{"embeddable":true,"href":"https:\/\/www.yungayino.cl\/noticias\/index.php?rest_route=\/wp\/v2\/users\/2"}],"replies":[{"embeddable":true,"href":"https:\/\/www.yungayino.cl\/noticias\/index.php?rest_route=%2Fwp%2Fv2%2Fcomments&post=29186"}],"version-history":[{"count":2,"href":"https:\/\/www.yungayino.cl\/noticias\/index.php?rest_route=\/wp\/v2\/posts\/29186\/revisions"}],"predecessor-version":[{"id":29206,"href":"https:\/\/www.yungayino.cl\/noticias\/index.php?rest_route=\/wp\/v2\/posts\/29186\/revisions\/29206"}],"wp:featuredmedia":[{"embeddable":true,"href":"https:\/\/www.yungayino.cl\/noticias\/index.php?rest_route=\/wp\/v2\/media\/29190"}],"wp:attachment":[{"href":"https:\/\/www.yungayino.cl\/noticias\/index.php?rest_route=%2Fwp%2Fv2%2Fmedia&parent=29186"}],"wp:term":[{"taxonomy":"category","embeddable":true,"href":"https:\/\/www.yungayino.cl\/noticias\/index.php?rest_route=%2Fwp%2Fv2%2Fcategories&post=29186"},{"taxonomy":"post_tag","embeddable":true,"href":"https:\/\/www.yungayino.cl\/noticias\/index.php?rest_route=%2Fwp%2Fv2%2Ftags&post=29186"}],"curies":[{"name":"wp","href":"https:\/\/api.w.org\/{rel}","templated":true}]}}