{"id":29192,"date":"2023-08-09T15:00:34","date_gmt":"2023-08-09T19:00:34","guid":{"rendered":"http:\/\/www.yungayino.cl\/noticias\/?p=29192"},"modified":"2023-08-09T19:28:35","modified_gmt":"2023-08-09T23:28:35","slug":"biblioteca-de-yungay-invita-a-fiesta-de-disfraces","status":"publish","type":"post","link":"https:\/\/www.yungayino.cl\/noticias\/?p=29192","title":{"rendered":"Biblioteca De Yungay Invita A Fiesta De Disfraces"},"content":{"rendered":"<p><img loading=\"lazy\" decoding=\"async\" class=\"alignnone wp-image-29193 size-full\" src=\"http:\/\/www.yungayino.cl\/noticias\/wp-content\/uploads\/2023\/08\/8-agosto-biblioteca-1-e1691623640873.jpg\" alt=\"\" width=\"700\" height=\"980\" srcset=\"https:\/\/www.yungayino.cl\/noticias\/wp-content\/uploads\/2023\/08\/8-agosto-biblioteca-1-e1691623640873.jpg 700w, https:\/\/www.yungayino.cl\/noticias\/wp-content\/uploads\/2023\/08\/8-agosto-biblioteca-1-e1691623640873-214x300.jpg 214w, https:\/\/www.yungayino.cl\/noticias\/wp-content\/uploads\/2023\/08\/8-agosto-biblioteca-1-e1691623640873-107x150.jpg 107w\" sizes=\"auto, (max-width: 700px) 100vw, 700px\" \/><\/p>\n<p style=\"text-align: justify;\">Yungay, agosto 2023: En honor al D\u00eda de la Ni\u00f1ez, la Biblioteca P\u00fablica de nuestra comuna tambi\u00e9n se sum\u00f3 a la celebraci\u00f3n y est\u00e1 organizando una emocionante Fiesta de Disfraces.<\/p>\n<p style=\"text-align: justify;\">\u00a1Se acerca una ocasi\u00f3n especial para desatar nuestra creatividad y pasarlo en grande!<\/p>\n<p style=\"text-align: justify;\">\u00bfQu\u00e9 mejor manera de celebrar la infancia que con disfraces coloridos, risas contagiosas y un ambiente lleno de magia? Estamos seguros de que los m\u00e1s peque\u00f1os corazones llenar\u00e1n de alegr\u00eda cada rinc\u00f3n de la biblioteca.<\/p>\n<p style=\"text-align: justify;\">Detalles Importantes:<\/p>\n<p style=\"text-align: justify;\">Cupos limitados: \u00a1asegura tu lugar a tiempo!<\/p>\n<p style=\"text-align: justify;\">Contacto para inscripciones: 422255671 o 422255672<\/p>\n","protected":false},"excerpt":{"rendered":"<p>Yungay, agosto 2023: En honor al D\u00eda de la Ni\u00f1ez, la Biblioteca P\u00fablica de nuestra comuna tambi\u00e9n se sum\u00f3 a la celebraci\u00f3n y est\u00e1 organizando una emocionante Fiesta de Disfraces. \u00a1Se acerca una ocasi\u00f3n&#46;&#46;&#46;<\/p>\n","protected":false},"author":2,"featured_media":29194,"comment_status":"closed","ping_status":"open","sticky":false,"template":"","format":"standard","meta":{"footnotes":""},"categories":[1],"tags":[583,1115,8,6,117],"class_list":["post-29192","post","type-post","status-publish","format-standard","has-post-thumbnail","hentry","category-noticias","tag-biblioteca","tag-noticias","tag-yungay","tag-yungayino","tag-yungayinocl"],"_links":{"self":[{"href":"https:\/\/www.yungayino.cl\/noticias\/index.php?rest_route=\/wp\/v2\/posts\/29192","targetHints":{"allow":["GET"]}}],"collection":[{"href":"https:\/\/www.yungayino.cl\/noticias\/index.php?rest_route=\/wp\/v2\/posts"}],"about":[{"href":"https:\/\/www.yungayino.cl\/noticias\/index.php?rest_route=\/wp\/v2\/types\/post"}],"author":[{"embeddable":true,"href":"https:\/\/www.yungayino.cl\/noticias\/index.php?rest_route=\/wp\/v2\/users\/2"}],"replies":[{"embeddable":true,"href":"https:\/\/www.yungayino.cl\/noticias\/index.php?rest_route=%2Fwp%2Fv2%2Fcomments&post=29192"}],"version-history":[{"count":1,"href":"https:\/\/www.yungayino.cl\/noticias\/index.php?rest_route=\/wp\/v2\/posts\/29192\/revisions"}],"predecessor-version":[{"id":29195,"href":"https:\/\/www.yungayino.cl\/noticias\/index.php?rest_route=\/wp\/v2\/posts\/29192\/revisions\/29195"}],"wp:featuredmedia":[{"embeddable":true,"href":"https:\/\/www.yungayino.cl\/noticias\/index.php?rest_route=\/wp\/v2\/media\/29194"}],"wp:attachment":[{"href":"https:\/\/www.yungayino.cl\/noticias\/index.php?rest_route=%2Fwp%2Fv2%2Fmedia&parent=29192"}],"wp:term":[{"taxonomy":"category","embeddable":true,"href":"https:\/\/www.yungayino.cl\/noticias\/index.php?rest_route=%2Fwp%2Fv2%2Fcategories&post=29192"},{"taxonomy":"post_tag","embeddable":true,"href":"https:\/\/www.yungayino.cl\/noticias\/index.php?rest_route=%2Fwp%2Fv2%2Ftags&post=29192"}],"curies":[{"name":"wp","href":"https:\/\/api.w.org\/{rel}","templated":true}]}}