{"id":29199,"date":"2023-08-18T07:00:19","date_gmt":"2023-08-18T11:00:19","guid":{"rendered":"http:\/\/www.yungayino.cl\/noticias\/?p=29199"},"modified":"2023-08-09T19:33:56","modified_gmt":"2023-08-09T23:33:56","slug":"mes-del-corazon-la-importancia-de-estar-alerta-ante-enfermedades-cardiovasculares-y-reducir-los-riesgos","status":"publish","type":"post","link":"https:\/\/www.yungayino.cl\/noticias\/?p=29199","title":{"rendered":"Mes Del Coraz\u00f3n: La Importancia De Estar Alerta Ante Enfermedades Cardiovasculares Y Reducir Los Riesgos"},"content":{"rendered":"<p><img loading=\"lazy\" decoding=\"async\" class=\"alignnone wp-image-29200 size-full\" src=\"http:\/\/www.yungayino.cl\/noticias\/wp-content\/uploads\/2023\/08\/Cardiovascular.jpg\" alt=\"\" width=\"700\" height=\"350\" srcset=\"https:\/\/www.yungayino.cl\/noticias\/wp-content\/uploads\/2023\/08\/Cardiovascular.jpg 700w, https:\/\/www.yungayino.cl\/noticias\/wp-content\/uploads\/2023\/08\/Cardiovascular-300x150.jpg 300w\" sizes=\"auto, (max-width: 700px) 100vw, 700px\" \/><\/p>\n<p style=\"text-align: justify;\">\u00d1uble, agosto 2023: Durante el mes de agosto el llamado es a prevenir, educar y adoptar estilos de vida saludables, reduciendo as\u00ed las situaciones de riesgo. En \u00d1uble casi 100 mil personas son parte del Programa Cardiovascular en la atenci\u00f3n primaria.<\/p>\n<p style=\"text-align: justify;\">En el marco de la conmemoraci\u00f3n del Mes del Coraz\u00f3n, profesionales del Servicio de Salud \u00d1uble (SS\u00d1) enfatizaron el llamado a estar alertas y prevenir enfermedades cardiovasculares manteniendo estilos de vida m\u00e1s saludables.<\/p>\n<p style=\"text-align: justify;\">Actualmente, cerca de un tercio de la poblaci\u00f3n a nivel mundial fallece a causa de estas patolog\u00edas, cifra que no se aleja de la realidad que local, entendiendo que en \u00d1uble es una de las principales causas de fallecimiento.<\/p>\n<p style=\"text-align: justify;\">\u201cPara nuestros equipos es fundamental fomentar acciones de prevenci\u00f3n frente a las distintas enfermedades cardiovasculares. Un llamado que, durante agosto, donde conmemoramos el Mes del Coraz\u00f3n, potenciamos fuertemente, puesto que es esencial realizar constantemente un llamado de alerta, que busca prevenir y educar, desde temprana edad, en materia de estilos de vida m\u00e1s saludables, una de las principales medidas que ayudan a reducir los riesgos\u201d, destac\u00f3 la directora del SS\u00d1, Elizabeth Abarca Trivi\u00f1o.<\/p>\n<p style=\"text-align: justify;\">La directiva adem\u00e1s recalc\u00f3 que, \u201cno queremos que las \u00f1ublensinas y \u00f1ublensinos tengan una mala condici\u00f3n de salud, por eso nos enfocamos, a trav\u00e9s de nuestros profesionales, en promover una mejor calidad de vida, tomando en consideraci\u00f3n que alrededor del 80% de las causas de enfermedades cardiovasculares son evitables a trav\u00e9s de un cambio en los estilos de vida\u201d.<\/p>\n<p style=\"text-align: justify;\">Programa de Salud Cardiovascular en la Red de Atenci\u00f3n Primaria<\/p>\n<p style=\"text-align: justify;\">Por su parte, la Dra. Leticia Palma S\u00e1nchez, encargada del Programa de Adulto y Personas Mayores del SS\u00d1, se\u00f1al\u00f3 que \u201cactualmente en \u00d1uble 99 mil 725 personas, mayores de 15 a\u00f1os, son beneficiarias del Programa de Salud Cardiovascular que se desarrolla en la Atenci\u00f3n Primaria. Instancia orientada a la prevenci\u00f3n, control y tratamiento de usuarias y usuarios diagnosticados de Diabetes Mellitus, Hipertensi\u00f3n Arterial y Dislipidemia\u201d.<\/p>\n<p style=\"text-align: justify;\">La profesional adem\u00e1s precis\u00f3 que, \u201cel tabaquismo, sedentarismo, sobrepeso u obesidad, h\u00e1bitos alimenticios poco saludables y tener alguna de estas patolog\u00edas descompensadas, son los principales factores que ponen en riesgo la salud de las personas. Por ello, se recomienda realizar actividad f\u00edsica al menos 150- 300 min a la semana, sin necesidad de ir al gimnasio o contar con implementos, el caminar es una alternativa; elegir alimentos m\u00e1s saludables como frutas y verduras, el consumo de agua en vez de bebidas azucaradas y evitar alimentos ultra procesados y altos en grasas; adem\u00e1s de evitar fumar y el consumo de alcohol y drogas\u201d.<\/p>\n<p style=\"text-align: justify;\">\u201cAc\u00e9rquese a su establecimiento de atenci\u00f3n primaria m\u00e1s cercano a realizarse el examen de medicina preventiva del adulto y de personas mayores, disponible en forma anual para quienes tienen factores de riesgo como sobrepeso, obesidad, sedentarismo, tabaquismo y cada 3 a\u00f1os para personas sin factores de riesgo. Si padece de alguna enfermedad cr\u00f3nica como diabetes, hipertensi\u00f3n, dislipidemia o ya ha tenido un accidente cerebrovascular o infarto agudo al miocardio, acuda peri\u00f3dicamente a sus controles de salud. Aprendamos a identificar los s\u00edntomas y signos de alarma de los eventos cardio y cerebrovasculares para consultar en forma oportuna en el servicio de urgencias\u201d, se\u00f1al\u00f3 la M\u00e9dica de Familia.<\/p>\n<p style=\"text-align: justify;\">Ante dudas frente alg\u00fan signo de alarma o sintomatolog\u00eda, la comunidad puede solicitar orientaci\u00f3n a trav\u00e9s del fono Salud Responde, 600 360 7777, el cual es atendido por profesionales las 24 horas del d\u00eda, los 7 d\u00edas de la semana.<\/p>\n","protected":false},"excerpt":{"rendered":"<p>\u00d1uble, agosto 2023: Durante el mes de agosto el llamado es a prevenir, educar y adoptar estilos de vida saludables, reduciendo as\u00ed las situaciones de riesgo. En \u00d1uble casi 100 mil personas son parte&#46;&#46;&#46;<\/p>\n","protected":false},"author":2,"featured_media":29200,"comment_status":"closed","ping_status":"open","sticky":false,"template":"","format":"standard","meta":{"footnotes":""},"categories":[1,1675,1676],"tags":[2919,1115,65,8,6,117],"class_list":["post-29199","post","type-post","status-publish","format-standard","has-post-thumbnail","hentry","category-noticias","category-saludc","category-salud","tag-mes-del-corazon","tag-noticias","tag-salud","tag-yungay","tag-yungayino","tag-yungayinocl"],"_links":{"self":[{"href":"https:\/\/www.yungayino.cl\/noticias\/index.php?rest_route=\/wp\/v2\/posts\/29199","targetHints":{"allow":["GET"]}}],"collection":[{"href":"https:\/\/www.yungayino.cl\/noticias\/index.php?rest_route=\/wp\/v2\/posts"}],"about":[{"href":"https:\/\/www.yungayino.cl\/noticias\/index.php?rest_route=\/wp\/v2\/types\/post"}],"author":[{"embeddable":true,"href":"https:\/\/www.yungayino.cl\/noticias\/index.php?rest_route=\/wp\/v2\/users\/2"}],"replies":[{"embeddable":true,"href":"https:\/\/www.yungayino.cl\/noticias\/index.php?rest_route=%2Fwp%2Fv2%2Fcomments&post=29199"}],"version-history":[{"count":2,"href":"https:\/\/www.yungayino.cl\/noticias\/index.php?rest_route=\/wp\/v2\/posts\/29199\/revisions"}],"predecessor-version":[{"id":29202,"href":"https:\/\/www.yungayino.cl\/noticias\/index.php?rest_route=\/wp\/v2\/posts\/29199\/revisions\/29202"}],"wp:featuredmedia":[{"embeddable":true,"href":"https:\/\/www.yungayino.cl\/noticias\/index.php?rest_route=\/wp\/v2\/media\/29200"}],"wp:attachment":[{"href":"https:\/\/www.yungayino.cl\/noticias\/index.php?rest_route=%2Fwp%2Fv2%2Fmedia&parent=29199"}],"wp:term":[{"taxonomy":"category","embeddable":true,"href":"https:\/\/www.yungayino.cl\/noticias\/index.php?rest_route=%2Fwp%2Fv2%2Fcategories&post=29199"},{"taxonomy":"post_tag","embeddable":true,"href":"https:\/\/www.yungayino.cl\/noticias\/index.php?rest_route=%2Fwp%2Fv2%2Ftags&post=29199"}],"curies":[{"name":"wp","href":"https:\/\/api.w.org\/{rel}","templated":true}]}}