{"id":2920,"date":"2010-01-23T12:00:16","date_gmt":"2010-01-23T16:00:16","guid":{"rendered":"http:\/\/www.yungayino.cl\/noticias\/?p=2920"},"modified":"2010-01-24T23:59:34","modified_gmt":"2010-01-25T03:59:34","slug":"el-charro-de-nuble-los-atletas-de-la-risa-y-buddy-richard-en-yungay","status":"publish","type":"post","link":"https:\/\/www.yungayino.cl\/noticias\/?p=2920","title":{"rendered":"El Charro de \u00d1uble, Los Atletas de la Risa y Buddy Richard en Yungay"},"content":{"rendered":"<p><img decoding=\"async\" src=\"http:\/\/www.yungayino.cl\/imagenes\/semanayungayina20100122.jpg\" alt=\"Gran Show al Aire Libre en Yungay\" \/><\/p>\n<p align=\"justify\"><font size=\"2\">Yungay, tercera jornada de actividades con motivo de celebrar el aniversario de nuestra comuna se realizo el viernes 22 de enero, organizada por el Municipio de Yungay qui\u00e9n preparo un show al aire libre en el frontis del Liceo Yungay, es por eso que cuando eran las 22:30 horas y con la animaci\u00f3n de Richard Espinoza se dio inicio al show saliendo al escenario el cantante de la m\u00fasica ranchera llamado \u201cEl Charro de \u00d1uble\u201d, quien puso este nombre en honor a la provincia y a nuestra comuna que lo vio nacer y criarse, traslad\u00e1ndose luego a Santiago. Hizo bailar, cantar y participar a la gran cantidad de p\u00fablico con la m\u00fasica ranchera, luego vino el momento de las canciones del recuerdo con Buddy Richard qui\u00e9n recorri\u00f3 buena parte de su repertorio donde se destaco la canci\u00f3n \u00abTu cari\u00f1o se me va\u00bb con la cu\u00e1l el p\u00fablico se mostr\u00f3 profundamente conectado con el artista coreando el tema. Finalmente llego la hora para el humor don el pato, chino y el guat\u00f3n m\u00e1s conocido como \u201cLos Atletas de la Risa\u201d hicieron re\u00edr a la multitud con un variado repertorio, tambi\u00e9n cabe destacar que luego para la juventud se llevo a cabo en el Gimnasio Multiuso la gran fiesta l\u00e1ser con concursos y premios auspiciados por Entel.<br \/>\n<a href=\"http:\/\/www.yungayino.cl\/noticias\/?p=2920#comments\">Comente Aqu\u00ed<\/a><br \/>\n<a href=\"http:\/\/www.flickr.com\/photos\/46827653@N04\/tags\/semanayungayina20100122\/\/\">Fotograf\u00edas<\/a><br \/>\n<br \/>\n<object width=\"425\" height=\"344\"><param name=\"movie\" value=\"http:\/\/www.youtube.com\/v\/T5gj4gLV_S0&#038;rel=0&#038;egm=0&#038;hl=es_ES&#038;fs=1&#038;\"><\/param><param name=\"allowFullScreen\" value=\"true\"><\/param><param name=\"allowscriptaccess\" value=\"always\"><\/param><embed src=\"http:\/\/www.youtube.com\/v\/T5gj4gLV_S0&#038;rel=0&#038;egm=0&#038;hl=es_ES&#038;fs=1&#038;\" type=\"application\/x-shockwave-flash\" allowscriptaccess=\"always\" allowfullscreen=\"true\" width=\"425\" height=\"344\"><\/embed><\/object><\/a><\/font><\/p>\n","protected":false},"excerpt":{"rendered":"<p>Yungay, tercera jornada de actividades con motivo de celebrar el aniversario de nuestra comuna se realizo el viernes 22 de enero, organizada por el Municipio de Yungay qui\u00e9n preparo un show al aire libre&#46;&#46;&#46;<\/p>\n","protected":false},"author":2,"featured_media":15224,"comment_status":"open","ping_status":"open","sticky":false,"template":"","format":"standard","meta":{"footnotes":""},"categories":[5,1],"tags":[96,1117,153,1115,147,8,6],"class_list":["post-2920","post","type-post","status-publish","format-standard","has-post-thumbnail","hentry","category-eventos","category-noticias","tag-el-charro-de-nuble","tag-eventos","tag-los-atletas-de-la-risa","tag-noticias","tag-semana-yungayina-2010","tag-yungay","tag-yungayino"],"_links":{"self":[{"href":"https:\/\/www.yungayino.cl\/noticias\/index.php?rest_route=\/wp\/v2\/posts\/2920","targetHints":{"allow":["GET"]}}],"collection":[{"href":"https:\/\/www.yungayino.cl\/noticias\/index.php?rest_route=\/wp\/v2\/posts"}],"about":[{"href":"https:\/\/www.yungayino.cl\/noticias\/index.php?rest_route=\/wp\/v2\/types\/post"}],"author":[{"embeddable":true,"href":"https:\/\/www.yungayino.cl\/noticias\/index.php?rest_route=\/wp\/v2\/users\/2"}],"replies":[{"embeddable":true,"href":"https:\/\/www.yungayino.cl\/noticias\/index.php?rest_route=%2Fwp%2Fv2%2Fcomments&post=2920"}],"version-history":[{"count":10,"href":"https:\/\/www.yungayino.cl\/noticias\/index.php?rest_route=\/wp\/v2\/posts\/2920\/revisions"}],"predecessor-version":[{"id":2930,"href":"https:\/\/www.yungayino.cl\/noticias\/index.php?rest_route=\/wp\/v2\/posts\/2920\/revisions\/2930"}],"wp:featuredmedia":[{"embeddable":true,"href":"https:\/\/www.yungayino.cl\/noticias\/index.php?rest_route=\/wp\/v2\/media\/15224"}],"wp:attachment":[{"href":"https:\/\/www.yungayino.cl\/noticias\/index.php?rest_route=%2Fwp%2Fv2%2Fmedia&parent=2920"}],"wp:term":[{"taxonomy":"category","embeddable":true,"href":"https:\/\/www.yungayino.cl\/noticias\/index.php?rest_route=%2Fwp%2Fv2%2Fcategories&post=2920"},{"taxonomy":"post_tag","embeddable":true,"href":"https:\/\/www.yungayino.cl\/noticias\/index.php?rest_route=%2Fwp%2Fv2%2Ftags&post=2920"}],"curies":[{"name":"wp","href":"https:\/\/api.w.org\/{rel}","templated":true}]}}