{"id":29203,"date":"2023-08-12T07:00:03","date_gmt":"2023-08-12T11:00:03","guid":{"rendered":"http:\/\/www.yungayino.cl\/noticias\/?p=29203"},"modified":"2023-08-09T19:35:39","modified_gmt":"2023-08-09T23:35:39","slug":"medio-ambiente-realizo-primer-taller-regional-por-la-mitigacion-al-cambio-climatico","status":"publish","type":"post","link":"https:\/\/www.yungayino.cl\/noticias\/?p=29203","title":{"rendered":"Medio Ambiente Realiz\u00f3 Primer Taller Regional Por La Mitigaci\u00f3n Al Cambio Clim\u00e1tico"},"content":{"rendered":"<p><img loading=\"lazy\" decoding=\"async\" class=\"alignnone wp-image-29204 size-full\" src=\"http:\/\/www.yungayino.cl\/noticias\/wp-content\/uploads\/2023\/08\/Taller-regional-de-Dignostico-vulnerabilidad.jpg\" alt=\"\" width=\"700\" height=\"350\" srcset=\"https:\/\/www.yungayino.cl\/noticias\/wp-content\/uploads\/2023\/08\/Taller-regional-de-Dignostico-vulnerabilidad.jpg 700w, https:\/\/www.yungayino.cl\/noticias\/wp-content\/uploads\/2023\/08\/Taller-regional-de-Dignostico-vulnerabilidad-300x150.jpg 300w\" sizes=\"auto, (max-width: 700px) 100vw, 700px\" \/><\/p>\n<p style=\"text-align: justify;\">Agosto 2023: La instancia convoc\u00f3 a seremis, municipios, servicios p\u00fablicos y academia, y es la primera de seis actividades que se realizar\u00e1n para la formulaci\u00f3n del Anteproyecto del Plan de Acci\u00f3n Regional de Cambio Clim\u00e1tico (PARCC) de \u00d1uble.<\/p>\n<p style=\"text-align: justify;\">Chile es un pa\u00eds vulnerable al cambio clim\u00e1tico causado por la acci\u00f3n del hombre y la emisi\u00f3n de gases de efecto invernadero (GEI); su impacto ha transformado la vida de millones de habitantes de manera global, lo que en nuestra regi\u00f3n repercute en los fen\u00f3menos meteorol\u00f3gicos extremos; olas de calor, sequ\u00eda, inundaciones e incendios forestales que se hacen cada vez m\u00e1s frecuentes.<\/p>\n<p style=\"text-align: justify;\">Ante ello, la Seremi del Medio Ambiente de \u00d1uble realiz\u00f3 el \u201cTaller Regional de Diagn\u00f3stico de Vulnerabilidad Clim\u00e1tica\u201d, la primera de varias actividades participativas que se materializar\u00e1n en el marco de la asistencia t\u00e9cnica al desarrollo de antecedentes para la formulaci\u00f3n del Anteproyecto del Plan de Acci\u00f3n Regional de Cambio Clim\u00e1tico (PARCC) de \u00d1uble, establecido en la Ley Marco de Cambio Clim\u00e1tico.<\/p>\n<p style=\"text-align: justify;\">Al respecto, la Gobernadora Regional (s), Alicia Contreras, sostuvo: \u201cPara el Gobierno Regional es prioritario construir una mejor regi\u00f3n para vivir y, en ese mismo objetivo, entregar a las futuras generaciones un territorio m\u00e1s sustentable. Este taller fue una de las instancias participativas para proponer acciones acordes a nuestra realidad que nos permitan seguir avanzando en el cuidado del medio ambiente, la mitigaci\u00f3n y adaptaci\u00f3n al cambio clim\u00e1tico\u201d.<\/p>\n<p style=\"text-align: justify;\">Al respecto, el delegado presidencial regional de \u00d1uble, Gabriel Pradenas, se\u00f1al\u00f3 que \u201cla aprobaci\u00f3n de la Ley Marco de Cambio Clim\u00e1tico impulsa la mitigaci\u00f3n y adaptaci\u00f3n al cambio clim\u00e1tico y, en este contexto, todas las herramientas participativas que incluyan a la comunidad regional son fundamentales para alcanzar lo mandatado por el Presidente Gabriel Boric y lograr la carbono neutralidad y resiliencia al clima para el a\u00f1o 2050\u201d.<\/p>\n<p style=\"text-align: justify;\">Por su parte, el seremi del Medio Ambiente, Mario Rivas, sostuvo: \u201cEste es el primero de seis talleres que se realizar\u00e1n. Algunos ser\u00e1n abiertos a la comunidad, por lo tanto, invitamos a vecinos y vecinas a estar pendientes y participar en este tipo de actividades, con las que se busca elaborar un diagn\u00f3stico que permita conocer la realidad territorial, desaf\u00edos y vulnerabilidades regionales, con el objetivo de construir juntos un plan para enfrentar la crisis clim\u00e1tica\u201d.<\/p>\n<p style=\"text-align: justify;\">\u00abEn este sentido, tambi\u00e9n estamos fomentando iniciativas para que empresas regionales sean protagonistas del cambio reduciendo sus emisiones, a trav\u00e9s de iniciativas importantes para el avance hacia una descarbonizaci\u00f3n y desarrollo m\u00e1s sustentable\u201d, agreg\u00f3.<\/p>\n<p style=\"text-align: justify;\">En este contexto, de manera local la empresa Frut\u00edcola Olum\u00e9 alcanz\u00f3 los niveles de cuantificaci\u00f3n, reducci\u00f3n y neutralizaci\u00f3n de gases de efecto invernadero (GEI), siendo esta la \u00fanica industria de alimentos a nivel nacional en lograr este reconocimiento por parte del ministerio, la que se espera sea un ejemplo a seguir por m\u00e1s organizaciones regionales.<\/p>\n<p style=\"text-align: justify;\">Cabe destacar que el segundo taller se realizar\u00e1 el jueves 17 de agosto de 10:00 a 12:00 horas, en modalidad remota y con previa inscripci\u00f3n, por tanto, el llamado por parte de la Seremi del Medio Ambiente es estar atentos a las redes sociales, donde se difundir\u00e1 informaci\u00f3n relevante para actores claves que deseen aportar con su experiencia y conocimiento sobre el territorio, con el fin de elaborar un diagn\u00f3stico representativo de la vulnerabilidad clim\u00e1tica de la regi\u00f3n.<\/p>\n","protected":false},"excerpt":{"rendered":"<p>Agosto 2023: La instancia convoc\u00f3 a seremis, municipios, servicios p\u00fablicos y academia, y es la primera de seis actividades que se realizar\u00e1n para la formulaci\u00f3n del Anteproyecto del Plan de Acci\u00f3n Regional de Cambio&#46;&#46;&#46;<\/p>\n","protected":false},"author":2,"featured_media":29204,"comment_status":"closed","ping_status":"open","sticky":false,"template":"","format":"standard","meta":{"footnotes":""},"categories":[1],"tags":[2813,904,1115,2920,8,6,117],"class_list":["post-29203","post","type-post","status-publish","format-standard","has-post-thumbnail","hentry","category-noticias","tag-cambio-climatico","tag-medio-ambiente","tag-noticias","tag-primer-taller","tag-yungay","tag-yungayino","tag-yungayinocl"],"_links":{"self":[{"href":"https:\/\/www.yungayino.cl\/noticias\/index.php?rest_route=\/wp\/v2\/posts\/29203","targetHints":{"allow":["GET"]}}],"collection":[{"href":"https:\/\/www.yungayino.cl\/noticias\/index.php?rest_route=\/wp\/v2\/posts"}],"about":[{"href":"https:\/\/www.yungayino.cl\/noticias\/index.php?rest_route=\/wp\/v2\/types\/post"}],"author":[{"embeddable":true,"href":"https:\/\/www.yungayino.cl\/noticias\/index.php?rest_route=\/wp\/v2\/users\/2"}],"replies":[{"embeddable":true,"href":"https:\/\/www.yungayino.cl\/noticias\/index.php?rest_route=%2Fwp%2Fv2%2Fcomments&post=29203"}],"version-history":[{"count":1,"href":"https:\/\/www.yungayino.cl\/noticias\/index.php?rest_route=\/wp\/v2\/posts\/29203\/revisions"}],"predecessor-version":[{"id":29205,"href":"https:\/\/www.yungayino.cl\/noticias\/index.php?rest_route=\/wp\/v2\/posts\/29203\/revisions\/29205"}],"wp:featuredmedia":[{"embeddable":true,"href":"https:\/\/www.yungayino.cl\/noticias\/index.php?rest_route=\/wp\/v2\/media\/29204"}],"wp:attachment":[{"href":"https:\/\/www.yungayino.cl\/noticias\/index.php?rest_route=%2Fwp%2Fv2%2Fmedia&parent=29203"}],"wp:term":[{"taxonomy":"category","embeddable":true,"href":"https:\/\/www.yungayino.cl\/noticias\/index.php?rest_route=%2Fwp%2Fv2%2Fcategories&post=29203"},{"taxonomy":"post_tag","embeddable":true,"href":"https:\/\/www.yungayino.cl\/noticias\/index.php?rest_route=%2Fwp%2Fv2%2Ftags&post=29203"}],"curies":[{"name":"wp","href":"https:\/\/api.w.org\/{rel}","templated":true}]}}