{"id":29221,"date":"2023-08-12T20:00:44","date_gmt":"2023-08-13T00:00:44","guid":{"rendered":"http:\/\/www.yungayino.cl\/noticias\/?p=29221"},"modified":"2023-08-12T22:36:10","modified_gmt":"2023-08-13T02:36:10","slug":"municipalidad-de-yungay-celebro-el-dia-del-nino-a-en-yungay","status":"publish","type":"post","link":"https:\/\/www.yungayino.cl\/noticias\/?p=29221","title":{"rendered":"Municipalidad Celebr\u00f3 el D\u00eda del Ni\u00f1o (a) en Yungay"},"content":{"rendered":"<p><img loading=\"lazy\" decoding=\"async\" class=\"alignnone wp-image-29222 size-full\" src=\"http:\/\/www.yungayino.cl\/noticias\/wp-content\/uploads\/2023\/08\/portada-6.jpg\" alt=\"\" width=\"700\" height=\"350\" srcset=\"https:\/\/www.yungayino.cl\/noticias\/wp-content\/uploads\/2023\/08\/portada-6.jpg 700w, https:\/\/www.yungayino.cl\/noticias\/wp-content\/uploads\/2023\/08\/portada-6-300x150.jpg 300w\" sizes=\"auto, (max-width: 700px) 100vw, 700px\" \/><\/p>\n<p style=\"text-align: justify;\">Yungay, agosto 2023: Con un sal\u00f3n multiuso lleno se celebr\u00f3 este s\u00e1bado el D\u00eda del Ni\u00f1o y Ni\u00f1a, donde los peque\u00f1itos asistieron junto a sus familiares, para pasar una tarde entretenida, actividad organizada con mucho cari\u00f1o por la Municipalidad de Yungay.<\/p>\n<p style=\"text-align: justify;\">Con un hermosos show a cargo de la Productora <strong>\u201cMake a Wish\u201d <\/strong>con m\u00fasica, canciones y bailes los cientos de ni\u00f1os y ni\u00f1as que llegaron disfrutaron en todo momento de las sorpresas, adem\u00e1s de los Juegos Inflables, Personajes Televisivos, Pinta C\u00e1ritas, Zumba Kids, Camas El\u00e1sticas, Globos, Magia y tambi\u00e9n la entrega de bolsas con dulces a los ni\u00f1os (as) por parte de los funcionarios de la municipalidad.<\/p>\n<p style=\"text-align: justify;\">Tambi\u00e9n destacar que Bomberos de Yungay realiz\u00f3 paseos en el carro bomba a los ni\u00f1os de manera gratuita, como una forma tambi\u00e9n de dar a conocer el material que utiliza Bomberos, adem\u00e1s de apoyar al municipio en esta bonita fiesta para los ni\u00f1os (as) y las familias de nuestra comuna.<\/p>\n<p>&nbsp;<\/p>\n<p style=\"text-align: justify;\">[su_button url=\u00bbhttps:\/\/www.facebook.com\/media\/set\/?vanity=yungayino.cl&amp;set=a.677864844383356&#8243; target=\u00bbblank\u00bb size=\u00bb7&#8243; radius=\u00bbround\u00bb icon=\u00bbicon: facebook-square\u00bb]FOTOGRAF\u00cdAS &#8211; Municipalidad Celebr\u00f3 el D\u00eda del Ni\u00f1o (a) en Yungay[\/su_button]<\/p>\n","protected":false},"excerpt":{"rendered":"<p>Yungay, agosto 2023: Con un sal\u00f3n multiuso lleno se celebr\u00f3 este s\u00e1bado el D\u00eda del Ni\u00f1o y Ni\u00f1a, donde los peque\u00f1itos asistieron junto a sus familiares, para pasar una tarde entretenida, actividad organizada con&#46;&#46;&#46;<\/p>\n","protected":false},"author":2,"featured_media":29222,"comment_status":"closed","ping_status":"open","sticky":false,"template":"","format":"standard","meta":{"footnotes":""},"categories":[1],"tags":[37,230,1115,8,6,117],"class_list":["post-29221","post","type-post","status-publish","format-standard","has-post-thumbnail","hentry","category-noticias","tag-bomberos","tag-dia-del-nino","tag-noticias","tag-yungay","tag-yungayino","tag-yungayinocl"],"_links":{"self":[{"href":"https:\/\/www.yungayino.cl\/noticias\/index.php?rest_route=\/wp\/v2\/posts\/29221","targetHints":{"allow":["GET"]}}],"collection":[{"href":"https:\/\/www.yungayino.cl\/noticias\/index.php?rest_route=\/wp\/v2\/posts"}],"about":[{"href":"https:\/\/www.yungayino.cl\/noticias\/index.php?rest_route=\/wp\/v2\/types\/post"}],"author":[{"embeddable":true,"href":"https:\/\/www.yungayino.cl\/noticias\/index.php?rest_route=\/wp\/v2\/users\/2"}],"replies":[{"embeddable":true,"href":"https:\/\/www.yungayino.cl\/noticias\/index.php?rest_route=%2Fwp%2Fv2%2Fcomments&post=29221"}],"version-history":[{"count":5,"href":"https:\/\/www.yungayino.cl\/noticias\/index.php?rest_route=\/wp\/v2\/posts\/29221\/revisions"}],"predecessor-version":[{"id":29225,"href":"https:\/\/www.yungayino.cl\/noticias\/index.php?rest_route=\/wp\/v2\/posts\/29221\/revisions\/29225"}],"wp:featuredmedia":[{"embeddable":true,"href":"https:\/\/www.yungayino.cl\/noticias\/index.php?rest_route=\/wp\/v2\/media\/29222"}],"wp:attachment":[{"href":"https:\/\/www.yungayino.cl\/noticias\/index.php?rest_route=%2Fwp%2Fv2%2Fmedia&parent=29221"}],"wp:term":[{"taxonomy":"category","embeddable":true,"href":"https:\/\/www.yungayino.cl\/noticias\/index.php?rest_route=%2Fwp%2Fv2%2Fcategories&post=29221"},{"taxonomy":"post_tag","embeddable":true,"href":"https:\/\/www.yungayino.cl\/noticias\/index.php?rest_route=%2Fwp%2Fv2%2Ftags&post=29221"}],"curies":[{"name":"wp","href":"https:\/\/api.w.org\/{rel}","templated":true}]}}