{"id":29240,"date":"2023-08-13T18:00:37","date_gmt":"2023-08-13T22:00:37","guid":{"rendered":"http:\/\/www.yungayino.cl\/noticias\/?p=29240"},"modified":"2023-08-16T18:29:58","modified_gmt":"2023-08-16T22:29:58","slug":"personas-mayores-disfrutan-de-unas-merecidas-vacaciones-en-san-fabian-de-alico","status":"publish","type":"post","link":"https:\/\/www.yungayino.cl\/noticias\/?p=29240","title":{"rendered":"Personas Mayores Disfrutan De Unas Merecidas Vacaciones En San Fabi\u00e1n De Alico"},"content":{"rendered":"<p><img loading=\"lazy\" decoding=\"async\" class=\"alignnone wp-image-29241 size-full\" src=\"http:\/\/www.yungayino.cl\/noticias\/wp-content\/uploads\/2023\/08\/viaje-tercera-edad.jpg\" alt=\"\" width=\"700\" height=\"350\" srcset=\"https:\/\/www.yungayino.cl\/noticias\/wp-content\/uploads\/2023\/08\/viaje-tercera-edad.jpg 700w, https:\/\/www.yungayino.cl\/noticias\/wp-content\/uploads\/2023\/08\/viaje-tercera-edad-300x150.jpg 300w\" sizes=\"auto, (max-width: 700px) 100vw, 700px\" \/><\/p>\n<p style=\"text-align: justify;\">Agosto 2023: 39 personas mayores han hecho sus maletas y se han despedido temporalmente de sus queridas familias para embarcarse en un viaje de tres d\u00edas a la pintoresca localidad de San Fabi\u00e1n de Alico.<\/p>\n<p style=\"text-align: justify;\">Este retiro vacacional es parte del Programa de Vacaciones Tercera Edad, una iniciativa subsidiada por el Servicio Nacional de Turismo en colaboraci\u00f3n con la Municipalidad de Yungay.<\/p>\n<p style=\"text-align: justify;\">El programa, dise\u00f1ado especialmente para aquellos yungayinos de 60 a\u00f1os en adelante, es una oportunidad para que las personas mayores puedan explorar nuevos lugares, relajarse y disfrutar de una merecida pausa de la rutina diaria. A trav\u00e9s de este proyecto, se busca honrar y celebrar la experiencia y sabidur\u00eda acumulada de las personas mayores, brind\u00e1ndoles la oportunidad de crear recuerdos memorables y fortalecer lazos comunitarios.<\/p>\n","protected":false},"excerpt":{"rendered":"<p>Agosto 2023: 39 personas mayores han hecho sus maletas y se han despedido temporalmente de sus queridas familias para embarcarse en un viaje de tres d\u00edas a la pintoresca localidad de San Fabi\u00e1n de&#46;&#46;&#46;<\/p>\n","protected":false},"author":2,"featured_media":29241,"comment_status":"closed","ping_status":"open","sticky":false,"template":"","format":"standard","meta":{"footnotes":""},"categories":[1],"tags":[57,1115,8,6,117],"class_list":["post-29240","post","type-post","status-publish","format-standard","has-post-thumbnail","hentry","category-noticias","tag-adultos-mayores","tag-noticias","tag-yungay","tag-yungayino","tag-yungayinocl"],"_links":{"self":[{"href":"https:\/\/www.yungayino.cl\/noticias\/index.php?rest_route=\/wp\/v2\/posts\/29240","targetHints":{"allow":["GET"]}}],"collection":[{"href":"https:\/\/www.yungayino.cl\/noticias\/index.php?rest_route=\/wp\/v2\/posts"}],"about":[{"href":"https:\/\/www.yungayino.cl\/noticias\/index.php?rest_route=\/wp\/v2\/types\/post"}],"author":[{"embeddable":true,"href":"https:\/\/www.yungayino.cl\/noticias\/index.php?rest_route=\/wp\/v2\/users\/2"}],"replies":[{"embeddable":true,"href":"https:\/\/www.yungayino.cl\/noticias\/index.php?rest_route=%2Fwp%2Fv2%2Fcomments&post=29240"}],"version-history":[{"count":1,"href":"https:\/\/www.yungayino.cl\/noticias\/index.php?rest_route=\/wp\/v2\/posts\/29240\/revisions"}],"predecessor-version":[{"id":29242,"href":"https:\/\/www.yungayino.cl\/noticias\/index.php?rest_route=\/wp\/v2\/posts\/29240\/revisions\/29242"}],"wp:featuredmedia":[{"embeddable":true,"href":"https:\/\/www.yungayino.cl\/noticias\/index.php?rest_route=\/wp\/v2\/media\/29241"}],"wp:attachment":[{"href":"https:\/\/www.yungayino.cl\/noticias\/index.php?rest_route=%2Fwp%2Fv2%2Fmedia&parent=29240"}],"wp:term":[{"taxonomy":"category","embeddable":true,"href":"https:\/\/www.yungayino.cl\/noticias\/index.php?rest_route=%2Fwp%2Fv2%2Fcategories&post=29240"},{"taxonomy":"post_tag","embeddable":true,"href":"https:\/\/www.yungayino.cl\/noticias\/index.php?rest_route=%2Fwp%2Fv2%2Ftags&post=29240"}],"curies":[{"name":"wp","href":"https:\/\/api.w.org\/{rel}","templated":true}]}}