{"id":29254,"date":"2023-08-26T07:00:45","date_gmt":"2023-08-26T11:00:45","guid":{"rendered":"http:\/\/www.yungayino.cl\/noticias\/?p=29254"},"modified":"2023-08-21T19:32:57","modified_gmt":"2023-08-21T23:32:57","slug":"materializan-iniciativa-pionera-en-chile-para-sistema-unificado-de-emergencias-y-seguridad","status":"publish","type":"post","link":"https:\/\/www.yungayino.cl\/noticias\/?p=29254","title":{"rendered":"Materializan Iniciativa Pionera En Chile Para Sistema Unificado De Emergencias Y Seguridad"},"content":{"rendered":"<p><img loading=\"lazy\" decoding=\"async\" class=\"alignnone wp-image-29255 size-full\" src=\"http:\/\/www.yungayino.cl\/noticias\/wp-content\/uploads\/2023\/08\/iniciativa-nuble.jpg\" alt=\"\" width=\"700\" height=\"350\" srcset=\"https:\/\/www.yungayino.cl\/noticias\/wp-content\/uploads\/2023\/08\/iniciativa-nuble.jpg 700w, https:\/\/www.yungayino.cl\/noticias\/wp-content\/uploads\/2023\/08\/iniciativa-nuble-300x150.jpg 300w\" sizes=\"auto, (max-width: 700px) 100vw, 700px\" \/><\/p>\n<p style=\"text-align: justify;\">\u00d1uble, agosto 2023: El Gobernador Cris\u00f3stomo firm\u00f3 el convenio con la Universidad del B\u00edo-B\u00edo para la implementaci\u00f3n y operaci\u00f3n del Centro Integrado de Emergencias y Seguridad de \u00d1uble, que busca entregar una respuesta oportuna en caso de accidente o desastre natural, clasificar la emergencia seg\u00fan su urgencia y luego derivarla a la unidad correspondiente.<\/p>\n<p style=\"text-align: justify;\">Un proyecto pionero que busca optimizar la capacidad de respuesta, reducir los costos sociales y mejorar la seguridad p\u00fablica frente a una situaci\u00f3n de urgencia, est\u00e1 liderando el Gobierno Regional de \u00d1uble. Se trata del Centro Integral de Emergencias y Seguridad (CIES) que hoy dio un paso decidor al firmar el convenio junto a la Universidad del B\u00edo-B\u00edo para su dise\u00f1o, implementaci\u00f3n y operaci\u00f3n.<\/p>\n<p style=\"text-align: justify;\">Fue el Gobernador de \u00d1uble, \u00d3scar Cris\u00f3stomo, impulsor de esta iniciativa, junto al Rector de la Casa de Estudios, Benito Uma\u00f1a, quienes estamparon la firma que da inicio al trabajo para concretar el CIES, cuyo objetivo es articular las diferentes unidades que dan soporte a las emergencias que se produzcan en \u00d1uble, mejorando los tiempos para enfrentar los incidentes que afecten el territorio.<\/p>\n<p style=\"text-align: justify;\">Al respecto el Gobernador Cris\u00f3stomo calific\u00f3 el proyecto como innovador e in\u00e9dito en el pa\u00eds y ratific\u00f3 que \u201choy m\u00e1s que nunca nuestra ciudadan\u00eda demanda seguridad y este Gobierno Regional con la Universidad, van a permitir eso acortando los tiempos de respuestas y tambi\u00e9n tener una mirada mucho m\u00e1s integradora y datos para poder tomar decisiones. Nos alegra que esta iniciativa, que ha sido trabajada por tantos meses, que ha permitido conocer experiencias de otros pa\u00edses y ciudades, podamos tenerla hoy en nuestra regi\u00f3n de \u00d1uble, y adem\u00e1s con un socio muy estrat\u00e9gico como es la Universidad del B\u00edo-B\u00edo\u201d.<\/p>\n<p style=\"text-align: justify;\">La autoridad regional detall\u00f3 que, en una primera fase, se va a implementar \u201cla infraestructura donde va a operar, el equipamiento suficiente, la investigaci\u00f3n que se va a desarrollar y toda la tecnolog\u00eda que nos va a permitir tener este centro de respuesta. Lo que esperamos al final de este proceso es poder concluir con un n\u00famero \u00fanico en nuestra regi\u00f3n, donde las personas m\u00e1s que estar pensando a qu\u00e9 n\u00famero llamar para emergencias o seguridad exista solo un n\u00famero. Ese es el esfuerzo que vamos a hacer y le hemos hecho una invitaci\u00f3n al gobierno central, entendiendo que est\u00e1 en plena discusi\u00f3n en el Congreso un proyecto de similares caracter\u00edsticas, y nos parece que \u00d1uble, que lleva adelantado este proceso, podr\u00eda ser la regi\u00f3n piloto para poder desarrollarlo\u201d.<\/p>\n<p style=\"text-align: justify;\">Por su parte, el Rector Benito Uma\u00f1a valor\u00f3 la iniciativa porque \u201clo que se est\u00e1 haciendo es aprovechar las capacidades t\u00e9cnicas, las capacidades acad\u00e9micas que tiene la universidad, especialmente en su Facultad de Ingenier\u00eda (\u2026) este es un proyecto piloto, con una mirada estrat\u00e9gica que esperamos tambi\u00e9n desde el gobierno central pueda verse como una gran oportunidad para poder trabajar en un pilotaje que puede extrapolarse despu\u00e9s a nivel nacional. Las capacidades est\u00e1n, las voluntades est\u00e1n y agradecemos la confianza del Gobierno Regional en la Universidad del B\u00edo- B\u00edo\u201d.<\/p>\n<p style=\"text-align: justify;\">Ventajas de \u00d1uble<\/p>\n<p style=\"text-align: justify;\">En esa misma l\u00ednea el Decano de la Facultad de Ingenier\u00eda, Patricio \u00c1lvarez, destac\u00f3 el elemento diferenciador del proyecto que \u201ctransforma a esta iniciativa en un piloto a nivel nacional y tiene que ver con c\u00f3mo las instituciones y las personas descubrimos una forma distinta de trabajar juntos para darle servicio al territorio\u201d. Y agreg\u00f3 que \u201c\u00d1uble tiene caracter\u00edsticas que lo hacen particularmente atractivo, tiene un tama\u00f1o que nos permite conocer personas, nos hace reconocer voluntades y muy f\u00e1cilmente podemos poner objetivos comunes al centro. Lo que nosotros buscamos hacer por medio de estas capacidades, tiene que ver con que \u00d1uble pueda mostrar las capacidades que tiene para generar entendimiento y din\u00e1micas de trabajo que sean distintivas y ojal\u00e1 escalables al resto de nuestro pa\u00eds\u201d.<\/p>\n<p style=\"text-align: justify;\">En tanto el Coordinador del CIES, Juan Carlos Carrasco, sostuvo que \u201cel Gobierno Regional ha querido estar a la vanguardia de la seguridad y de la emergencia en modelos que otros pa\u00edses han podido establecer y han tenido bastante \u00e9xito en el mundo. Lo importante ac\u00e1 es el apoyo t\u00e9cnico y las capacidades que se han trabajado en conjunto con la Universidad del B\u00edo &#8211; B\u00edo, especialmente con profesionales de la ingenier\u00eda, que van a permitir unir este ABC, que es Salud, Bomberos y Carabineros en primera instancia, a futuro tambi\u00e9n la Unidad de Control de Tr\u00e1nsito, y de esta forma estrechar las brechas del despacho de emergencia que va a ir en directa ayuda a los ciudadanos y a la regi\u00f3n en general\u201d.<\/p>\n<p style=\"text-align: justify;\">Finalmente, el Consejero Regional y presidente de la Comisi\u00f3n de Desarrollo Social y Seguridad, John Polanco, record\u00f3 que \u201ccon la experiencia al visitar Israel, esto se viene aplicando y en un funcionamiento de tal magnitud que se logran conciliar los equipos de emergencia y con la academia, para poder entregar un mejor servicio. Aqu\u00ed tenemos que considerar que se van a mejorar los tiempos de respuesta, se va a eficientar el trabajo, sobre todo en la interacci\u00f3n de la emergencia que va a vivir la regi\u00f3n\u201d.<\/p>\n","protected":false},"excerpt":{"rendered":"<p>\u00d1uble, agosto 2023: El Gobernador Cris\u00f3stomo firm\u00f3 el convenio con la Universidad del B\u00edo-B\u00edo para la implementaci\u00f3n y operaci\u00f3n del Centro Integrado de Emergencias y Seguridad de \u00d1uble, que busca entregar una respuesta oportuna&#46;&#46;&#46;<\/p>\n","protected":false},"author":2,"featured_media":29255,"comment_status":"closed","ping_status":"open","sticky":false,"template":"","format":"standard","meta":{"footnotes":""},"categories":[1],"tags":[1115,1678,8,6,117],"class_list":["post-29254","post","type-post","status-publish","format-standard","has-post-thumbnail","hentry","category-noticias","tag-noticias","tag-nuble","tag-yungay","tag-yungayino","tag-yungayinocl"],"_links":{"self":[{"href":"https:\/\/www.yungayino.cl\/noticias\/index.php?rest_route=\/wp\/v2\/posts\/29254","targetHints":{"allow":["GET"]}}],"collection":[{"href":"https:\/\/www.yungayino.cl\/noticias\/index.php?rest_route=\/wp\/v2\/posts"}],"about":[{"href":"https:\/\/www.yungayino.cl\/noticias\/index.php?rest_route=\/wp\/v2\/types\/post"}],"author":[{"embeddable":true,"href":"https:\/\/www.yungayino.cl\/noticias\/index.php?rest_route=\/wp\/v2\/users\/2"}],"replies":[{"embeddable":true,"href":"https:\/\/www.yungayino.cl\/noticias\/index.php?rest_route=%2Fwp%2Fv2%2Fcomments&post=29254"}],"version-history":[{"count":2,"href":"https:\/\/www.yungayino.cl\/noticias\/index.php?rest_route=\/wp\/v2\/posts\/29254\/revisions"}],"predecessor-version":[{"id":29257,"href":"https:\/\/www.yungayino.cl\/noticias\/index.php?rest_route=\/wp\/v2\/posts\/29254\/revisions\/29257"}],"wp:featuredmedia":[{"embeddable":true,"href":"https:\/\/www.yungayino.cl\/noticias\/index.php?rest_route=\/wp\/v2\/media\/29255"}],"wp:attachment":[{"href":"https:\/\/www.yungayino.cl\/noticias\/index.php?rest_route=%2Fwp%2Fv2%2Fmedia&parent=29254"}],"wp:term":[{"taxonomy":"category","embeddable":true,"href":"https:\/\/www.yungayino.cl\/noticias\/index.php?rest_route=%2Fwp%2Fv2%2Fcategories&post=29254"},{"taxonomy":"post_tag","embeddable":true,"href":"https:\/\/www.yungayino.cl\/noticias\/index.php?rest_route=%2Fwp%2Fv2%2Ftags&post=29254"}],"curies":[{"name":"wp","href":"https:\/\/api.w.org\/{rel}","templated":true}]}}