{"id":29258,"date":"2023-08-18T16:00:04","date_gmt":"2023-08-18T20:00:04","guid":{"rendered":"http:\/\/www.yungayino.cl\/noticias\/?p=29258"},"modified":"2023-08-18T16:27:31","modified_gmt":"2023-08-18T20:27:31","slug":"nuble-recibe-por-segunda-vez-en-el-ano-el-rallymobil","status":"publish","type":"post","link":"https:\/\/www.yungayino.cl\/noticias\/?p=29258","title":{"rendered":"\u00d1uble Recibe Por Segunda Vez En El A\u00f1o El RallyMobil"},"content":{"rendered":"<p><img loading=\"lazy\" decoding=\"async\" class=\"alignnone wp-image-29260 size-full\" src=\"http:\/\/www.yungayino.cl\/noticias\/wp-content\/uploads\/2023\/08\/rally-agosto.jpg\" alt=\"\" width=\"700\" height=\"350\" srcset=\"https:\/\/www.yungayino.cl\/noticias\/wp-content\/uploads\/2023\/08\/rally-agosto.jpg 700w, https:\/\/www.yungayino.cl\/noticias\/wp-content\/uploads\/2023\/08\/rally-agosto-300x150.jpg 300w\" sizes=\"auto, (max-width: 700px) 100vw, 700px\" \/><\/p>\n<p style=\"text-align: justify;\">\u00d1uble, agosto 2023: Este fin de semana, Quill\u00f3n ser\u00e1 la sede de la 5\u00b0 fecha del evento deportivo, que en junio pasado se desarroll\u00f3 en la comuna de Chill\u00e1n Viejo.<\/p>\n<p style=\"text-align: justify;\">Financiamiento del Gobierno Regional ha permitido que, por segundo a\u00f1o consecutivo, dos fechas del RallyMobil se corran en la regi\u00f3n.<\/p>\n<p style=\"text-align: justify;\">Quill\u00f3n ser\u00e1 este fin de semana sede de la 5\u00b0 fecha del RallyMobil, evento deportivo gratuito que llega por segunda vez en el a\u00f1o a \u00d1uble con apoyo del Gobierno Regional. En la Escuela de Liucura Alto, acompa\u00f1ados de la comunidad escolar, autoridades encabezadas por el Gobernador Regional \u00d3scar Cris\u00f3stomo y el productor general de la actividad, Felipe Horta, detallaron los alcances de esta iniciativa que comienza ma\u00f1ana a las 19.30 horas. con la presentaci\u00f3n estelar en la comuna.<\/p>\n<p style=\"text-align: justify;\">Al respecto, el Gobernador Cris\u00f3stomo destac\u00f3 que \u201cestamos lanzando\u00a0 esta fecha en nuestra regi\u00f3n, es segundo a\u00f1o que tenemos dos fechas por a\u00f1o; partimos en Chill\u00e1n Viejo durante dos d\u00edas donde\u00a0 tuvimos mucha competencia, muchas gastronom\u00eda, mucha venta de distintos rubros, en una alianza que ya la estamos consolidando junto con Rally, tambi\u00e9n con\u00a0 algunos alcaldes, en este caso con Quill\u00f3n, con Carabineros, Sernatur,\u00a0 Arauco y un sinn\u00famero de otras empresas, entendiendo que esto nos permite, en ciertas \u00e9pocas del a\u00f1o, poder traer eventos distintos a \u00d1uble, nos permite traer\u00a0 deporte, entretenci\u00f3n para que las familias puedan interactuar, mostrar nuestra regi\u00f3n; Quill\u00f3n es una hermosa comuna con gente extraordinaria que permite dar a conocer la naturaleza y eso\u00a0 tambi\u00e9n se expande a distintos puntos desde la cordillera, pasando por el Valle del Itata y por nuestras costas, por lo tanto, creemos que\u00a0 esta regi\u00f3n tiene parajes y\u00a0 carreteras \u00fanicas para poder realizar este tipo de competencia\u201d.<\/p>\n<p style=\"text-align: justify;\">En tanto, Horta expres\u00f3 su agradecimiento \u201ca la m\u00e1xima autoridad de la regi\u00f3n, por el compromiso\u00a0 que ha tomado en conjunto con los diferentes municipios, sus alcaldes, los consejeros regionales,\u00a0 todas las autoridades que hacen que este evento deportivo deje de ser Rally y pase a ser un fen\u00f3meno social; el Rally es un pretexto hoy por hoy respecto de la importancia que tiene una actividad deportiva que nos ha permitido\u00a0 transformarnos en un pa\u00eds de primer mundo en cuanto a\u00a0 lo que significa la organizaci\u00f3n de este evento\u201d.<\/p>\n<p style=\"text-align: justify;\">Junto con ello record\u00f3 que \u201cya se hizo el 2019 con mucho \u00e9xito, pero hoy tengo que valorar lo que significa para una regi\u00f3n nueva y que tiene mucho compromiso, c\u00f3mo adopta la posibilidad de sumar en esta fiesta deportiva destinando recursos para que la llegada del Rally en cada una de sus fechas reactive la econom\u00eda, genere un valor inclusivo (\u2026)\u00a0 El Rally en la Regi\u00f3n de \u00d1uble tiene los mejores caminos del mundo, si esto fuese f\u00fatbol tenemos los mejores estadios\u201d, grafic\u00f3 Horta.<\/p>\n<p style=\"text-align: justify;\">Sobre el desarrollo de la actividad, el alcalde de Quill\u00f3n, Miguel Pe\u00f1a, recalc\u00f3 que \u201csabemos que es una actividad a nivel regional y poder tener una fecha de esta categor\u00eda y despu\u00e9s una fecha en Biob\u00edo, que va a ser el mundial, para nosotros es muy relevante en lo que es la reactivaci\u00f3n econ\u00f3mica en nuestra comuna por el sector gastron\u00f3mico, por la C\u00e1mara de Turismo, por nuestros emprendedores\u201d. Agreg\u00f3 que \u201cac\u00e1 en \u00d1uble fue la primera comuna que lleg\u00f3 el RallyMobil, tengo entendido que estamos desarrollando la cuarta temporada que se ha hecho ac\u00e1 en Quill\u00f3n y nosotros orgullosos de poder llevar este evento ac\u00e1 en la comuna donde nos damos a conocer a lo largo de todo Chile y el mundo\u201d.<\/p>\n<p style=\"text-align: justify;\">La opini\u00f3n es compartida por el director regional de Sernatur, Augusto Gonz\u00e1lez, quien asegur\u00f3 que el Rally es de gran importancia para difundir \u00d1uble como destino: \u201cel poder salir v\u00eda se\u00f1al internacional el s\u00e1bado por ESPN, que abarca desde M\u00e9xico hasta el sur, va a salir en la televisi\u00f3n de todo el continente Latinoamericano, Quill\u00f3n (\u2026) eso es para nosotros impagable, desde el punto de vista del aporte significativo a la promoci\u00f3n del destino de nuestra regi\u00f3n. Todos los que estamos ac\u00e1 queremos lo mejor para \u00d1uble y entendemos que en materia de promoci\u00f3n tur\u00edstica, eventos como \u00e9ste son una gran oportunidad para salir al mundo, para mostrar la hermosura de nuestra naturaleza, pero sobre todo para transmitir algo que a lo mejor no lo puede captar la c\u00e1mara, pero que nosotros lo conocemos de piel, la calidez de las personas y de los habitantes de la regi\u00f3n de \u00d1uble\u201d.<\/p>\n<p style=\"text-align: justify;\">La 5\u00b0 fecha del RallyMobil \u00d1uble \u2013 Quill\u00f3n se extender\u00e1 del 18 y 19 de agosto, y tendr\u00e1 el Parque de Asistencia ubicado en el sector de La Esparraguera, lugar donde el s\u00e1bado se realizar\u00e1 la premiaci\u00f3n. Tal como se ha reiterado en eventos anteriores, el llamado a la comunidad es a disfrutar de la carrera con responsabilidad, utilizando las zonas seguras para observar el paso de los veh\u00edculos.<\/p>\n<p>&nbsp;<\/p>\n<p><img loading=\"lazy\" decoding=\"async\" class=\"alignnone wp-image-29259 size-full\" src=\"http:\/\/www.yungayino.cl\/noticias\/wp-content\/uploads\/2023\/08\/rally-agosto-1.jpg\" alt=\"\" width=\"700\" height=\"350\" srcset=\"https:\/\/www.yungayino.cl\/noticias\/wp-content\/uploads\/2023\/08\/rally-agosto-1.jpg 700w, https:\/\/www.yungayino.cl\/noticias\/wp-content\/uploads\/2023\/08\/rally-agosto-1-300x150.jpg 300w\" sizes=\"auto, (max-width: 700px) 100vw, 700px\" \/><\/p>\n","protected":false},"excerpt":{"rendered":"<p>\u00d1uble, agosto 2023: Este fin de semana, Quill\u00f3n ser\u00e1 la sede de la 5\u00b0 fecha del evento deportivo, que en junio pasado se desarroll\u00f3 en la comuna de Chill\u00e1n Viejo. Financiamiento del Gobierno Regional&#46;&#46;&#46;<\/p>\n","protected":false},"author":2,"featured_media":29260,"comment_status":"closed","ping_status":"open","sticky":false,"template":"","format":"standard","meta":{"footnotes":""},"categories":[1],"tags":[1115,1227,2921,8,6,117],"class_list":["post-29258","post","type-post","status-publish","format-standard","has-post-thumbnail","hentry","category-noticias","tag-noticias","tag-quillon","tag-rally-movil","tag-yungay","tag-yungayino","tag-yungayinocl"],"_links":{"self":[{"href":"https:\/\/www.yungayino.cl\/noticias\/index.php?rest_route=\/wp\/v2\/posts\/29258","targetHints":{"allow":["GET"]}}],"collection":[{"href":"https:\/\/www.yungayino.cl\/noticias\/index.php?rest_route=\/wp\/v2\/posts"}],"about":[{"href":"https:\/\/www.yungayino.cl\/noticias\/index.php?rest_route=\/wp\/v2\/types\/post"}],"author":[{"embeddable":true,"href":"https:\/\/www.yungayino.cl\/noticias\/index.php?rest_route=\/wp\/v2\/users\/2"}],"replies":[{"embeddable":true,"href":"https:\/\/www.yungayino.cl\/noticias\/index.php?rest_route=%2Fwp%2Fv2%2Fcomments&post=29258"}],"version-history":[{"count":1,"href":"https:\/\/www.yungayino.cl\/noticias\/index.php?rest_route=\/wp\/v2\/posts\/29258\/revisions"}],"predecessor-version":[{"id":29261,"href":"https:\/\/www.yungayino.cl\/noticias\/index.php?rest_route=\/wp\/v2\/posts\/29258\/revisions\/29261"}],"wp:featuredmedia":[{"embeddable":true,"href":"https:\/\/www.yungayino.cl\/noticias\/index.php?rest_route=\/wp\/v2\/media\/29260"}],"wp:attachment":[{"href":"https:\/\/www.yungayino.cl\/noticias\/index.php?rest_route=%2Fwp%2Fv2%2Fmedia&parent=29258"}],"wp:term":[{"taxonomy":"category","embeddable":true,"href":"https:\/\/www.yungayino.cl\/noticias\/index.php?rest_route=%2Fwp%2Fv2%2Fcategories&post=29258"},{"taxonomy":"post_tag","embeddable":true,"href":"https:\/\/www.yungayino.cl\/noticias\/index.php?rest_route=%2Fwp%2Fv2%2Ftags&post=29258"}],"curies":[{"name":"wp","href":"https:\/\/api.w.org\/{rel}","templated":true}]}}