{"id":29288,"date":"2023-08-17T19:00:16","date_gmt":"2023-08-17T23:00:16","guid":{"rendered":"http:\/\/www.yungayino.cl\/noticias\/?p=29288"},"modified":"2023-08-21T19:23:28","modified_gmt":"2023-08-21T23:23:28","slug":"cogrid-yungay-se-prepara-ante-posibles-fuertes-lluvias","status":"publish","type":"post","link":"https:\/\/www.yungayino.cl\/noticias\/?p=29288","title":{"rendered":"COGRID Yungay Se Prepara Ante Posibles Fuertes Lluvias"},"content":{"rendered":"<p><img loading=\"lazy\" decoding=\"async\" class=\"alignnone wp-image-29289 size-full\" src=\"http:\/\/www.yungayino.cl\/noticias\/wp-content\/uploads\/2023\/08\/cogrid-yungay.jpg\" alt=\"\" width=\"700\" height=\"350\" srcset=\"https:\/\/www.yungayino.cl\/noticias\/wp-content\/uploads\/2023\/08\/cogrid-yungay.jpg 700w, https:\/\/www.yungayino.cl\/noticias\/wp-content\/uploads\/2023\/08\/cogrid-yungay-300x150.jpg 300w\" sizes=\"auto, (max-width: 700px) 100vw, 700px\" \/><\/p>\n<p style=\"text-align: justify;\">Yungay, agosto 2023: En un esfuerzo conjunto por garantizar la seguridad y bienestar de la comunidad, el Comit\u00e9 de Gesti\u00f3n del Riesgo de Desastres (COGRID) de Yungay, presidido por el alcalde Rafael Cifuentes Rodr\u00edguez, ha convocado a diversas instituciones clave para una reuni\u00f3n estrat\u00e9gica. El objetivo principal fue abordar un plan de emergencia s\u00f3lido y efectivo en respuesta a las alertas preventivas por fuertes lluvias pronosticadas para este fin de semana.<\/p>\n<p style=\"text-align: justify;\">Este encuentro, llevado a cabo en las instalaciones municipales, reuni\u00f3 a representantes de instituciones vitales en situaciones de emergencia, entre las que se destacan los Bomberos de Yungay, Carabineros de Chile, el sector de Salud, Gendarmer\u00eda, Seguridad Ciudadana y la Oficina de Emergencia Municipal.<\/p>\n<p style=\"text-align: justify;\">Durante la reuni\u00f3n, se discutieron estrategias para hacer frente a los posibles desaf\u00edos que las fuertes lluvias podr\u00edan generar en la comunidad. La planificaci\u00f3n se centr\u00f3 en la coordinaci\u00f3n eficiente entre todas las entidades involucradas, con el objetivo de garantizar una respuesta r\u00e1pida y eficaz en caso de que las condiciones clim\u00e1ticas extremas pongan en peligro la seguridad de los habitantes.<\/p>\n","protected":false},"excerpt":{"rendered":"<p>Yungay, agosto 2023: En un esfuerzo conjunto por garantizar la seguridad y bienestar de la comunidad, el Comit\u00e9 de Gesti\u00f3n del Riesgo de Desastres (COGRID) de Yungay, presidido por el alcalde Rafael Cifuentes Rodr\u00edguez,&#46;&#46;&#46;<\/p>\n","protected":false},"author":2,"featured_media":29289,"comment_status":"closed","ping_status":"closed","sticky":false,"template":"","format":"standard","meta":{"footnotes":""},"categories":[1],"tags":[2922,1115,8,6,117],"class_list":["post-29288","post","type-post","status-publish","format-standard","has-post-thumbnail","hentry","category-noticias","tag-cogrid","tag-noticias","tag-yungay","tag-yungayino","tag-yungayinocl"],"_links":{"self":[{"href":"https:\/\/www.yungayino.cl\/noticias\/index.php?rest_route=\/wp\/v2\/posts\/29288","targetHints":{"allow":["GET"]}}],"collection":[{"href":"https:\/\/www.yungayino.cl\/noticias\/index.php?rest_route=\/wp\/v2\/posts"}],"about":[{"href":"https:\/\/www.yungayino.cl\/noticias\/index.php?rest_route=\/wp\/v2\/types\/post"}],"author":[{"embeddable":true,"href":"https:\/\/www.yungayino.cl\/noticias\/index.php?rest_route=\/wp\/v2\/users\/2"}],"replies":[{"embeddable":true,"href":"https:\/\/www.yungayino.cl\/noticias\/index.php?rest_route=%2Fwp%2Fv2%2Fcomments&post=29288"}],"version-history":[{"count":1,"href":"https:\/\/www.yungayino.cl\/noticias\/index.php?rest_route=\/wp\/v2\/posts\/29288\/revisions"}],"predecessor-version":[{"id":29290,"href":"https:\/\/www.yungayino.cl\/noticias\/index.php?rest_route=\/wp\/v2\/posts\/29288\/revisions\/29290"}],"wp:featuredmedia":[{"embeddable":true,"href":"https:\/\/www.yungayino.cl\/noticias\/index.php?rest_route=\/wp\/v2\/media\/29289"}],"wp:attachment":[{"href":"https:\/\/www.yungayino.cl\/noticias\/index.php?rest_route=%2Fwp%2Fv2%2Fmedia&parent=29288"}],"wp:term":[{"taxonomy":"category","embeddable":true,"href":"https:\/\/www.yungayino.cl\/noticias\/index.php?rest_route=%2Fwp%2Fv2%2Fcategories&post=29288"},{"taxonomy":"post_tag","embeddable":true,"href":"https:\/\/www.yungayino.cl\/noticias\/index.php?rest_route=%2Fwp%2Fv2%2Ftags&post=29288"}],"curies":[{"name":"wp","href":"https:\/\/api.w.org\/{rel}","templated":true}]}}