{"id":29313,"date":"2023-08-23T09:00:51","date_gmt":"2023-08-23T13:00:51","guid":{"rendered":"http:\/\/www.yungayino.cl\/noticias\/?p=29313"},"modified":"2023-08-22T16:38:26","modified_gmt":"2023-08-22T20:38:26","slug":"abren-convocatoria-para-que-productores-de-vino-a-granel-asistan-a-feria-en-paises-bajos-y-mision-comercial-en-dinamarca","status":"publish","type":"post","link":"https:\/\/www.yungayino.cl\/noticias\/?p=29313","title":{"rendered":"Abren Convocatoria Para Que Productores De Vino A Granel Asistan A Feria En Pa\u00edses Bajos Y Misi\u00f3n Comercial En Dinamarca"},"content":{"rendered":"<p><img loading=\"lazy\" decoding=\"async\" class=\"alignnone wp-image-29314 size-full\" src=\"http:\/\/www.yungayino.cl\/noticias\/wp-content\/uploads\/2023\/08\/convocatoria-productores-vino.jpg\" alt=\"\" width=\"700\" height=\"350\" srcset=\"https:\/\/www.yungayino.cl\/noticias\/wp-content\/uploads\/2023\/08\/convocatoria-productores-vino.jpg 700w, https:\/\/www.yungayino.cl\/noticias\/wp-content\/uploads\/2023\/08\/convocatoria-productores-vino-300x150.jpg 300w\" sizes=\"auto, (max-width: 700px) 100vw, 700px\" \/><\/p>\n<p style=\"text-align: justify;\">Agosto 2023: El Gobernador Cris\u00f3stomo junto al director regional de ProChile, entregaron detalles del concurso que da la posibilidad que vi\u00f1as o asociaciones productoras, puedan participar a fines de noviembre del World Bulk Wine Exhibition, la feria m\u00e1s importante de vino a granel del mundo.<\/p>\n<p style=\"text-align: justify;\">Cumpliendo con uno de los compromisos adoptados para apoyar al rubro vitivin\u00edcola luego de los incendios que afectaron al Valle del Itata en febrero pasado, el Gobernador de \u00d1uble, \u00d3scar Cris\u00f3stomo, junto al director regional de ProChile, Crist\u00f3bal Herrera, anunciaron la convocatoria para que productores de vino de la regi\u00f3n, puedan asistir a la World Bulk Wine Exhibition, la feria m\u00e1s importante de vino a granel del mundo que se desarrollar\u00e1 a fines de noviembre en \u00c1msterdam. El programa considera, adem\u00e1s, una misi\u00f3n comercial a Dinamarca para prospectar negocios con importadores y conocer casos exitosos de asociaciones.<\/p>\n<p style=\"text-align: justify;\">Las <strong>postulaciones estar\u00e1n abiertas entre el 18 y 25 de agosto<\/strong> y consideran cupos para cuatro vi\u00f1as y\/o asociaciones productoras de vino a granel de la regi\u00f3n de \u00d1uble, las que contar\u00e1n con un stand para la presentaci\u00f3n de sus productos en la feria.<\/p>\n<p style=\"text-align: justify;\">Este es un concurso especial, se\u00f1al\u00f3 el Gobernador Cris\u00f3stomo, \u201cuna iniciativa que ha sido planteada por todos los gremios vitivin\u00edcolas de \u00d1uble, que tiene que ver con la capacidad de poder exportar vino a granel. Nuestro sector vitivin\u00edcola ha ido creciendo en el \u00faltimo tiempo en t\u00e9rminos de exportaci\u00f3n, pero hab\u00eda una veta que se ten\u00eda que explorar que tiene que ver con la exportaci\u00f3n de vino a granel, que es una cantidad considerable en la regi\u00f3n y hemos hecho esfuerzos para que esto pueda considerarse\u201d.<\/p>\n<p style=\"text-align: justify;\">La autoridad regional record\u00f3 que \u201cese fue un compromiso desde los incendios, de apoyar a este gremio con mayor fuerza, como lo ven\u00edamos haciendo desde el Gobierno Regional, pero tambi\u00e9n desde el nivel central con la participaci\u00f3n de ProChile y hoy estamos lanzando esta convocatoria que va a estar abierta desde el 18 de agosto. Esta feria se realiza en \u00c1msterdam en noviembre y dar\u00e1 la posibilidad que nuestros exportadores puedan comercializar que es algo que nos interesa much\u00edsimo; as\u00ed como hoy estamos exportando vino en botella, que es un formato que nos ha ido muy bien, creemos que con esta experiencia podemos aumentar la capacidad exportadora y econ\u00f3mica que tenemos en el Valle del Itata\u201d.<\/p>\n<p style=\"text-align: justify;\">Por su parte, el director regional de ProChile, Crist\u00f3bal Herrera, coment\u00f3 que \u201ccreemos que con la crisis actual que hay en el mundo vi\u00f1atero, no solamente en Chile sino a nivel mundial, va a ser la feria m\u00e1s importante en los \u00faltimos 10 a\u00f1os y nosotros como regi\u00f3n de \u00d1uble y como Chile queremos estar ah\u00ed participando con asociaciones, cooperativas y con empresas productoras de vino a granel, lo que nos va a permitir diversificar nuestra oferta exportable. Nunca se ha exportado vino a granel en la regi\u00f3n, por ende, podemos apuntar un producto m\u00e1s para mostrar al mundo\u201d. Y detall\u00f3 que, despu\u00e9s de la feria \u201ciremos a Dinamarca a conocer casos de \u00e9xito, tanto en asociaciones como en cooperativas, y tener ruedas de negocios con pa\u00edses importadores o cr\u00edticos interesados en nuestro vino a granel\u201d.<\/p>\n<p style=\"text-align: justify;\">Asociaciones y gremios vitivin\u00edcolas<\/p>\n<p style=\"text-align: justify;\">Al respecto, V\u00edctor Castell\u00f3n, presidente del Gremio de Vi\u00f1ateros del Valle del Itata, sostuvo que esta convocatoria responde a \u201cuna medida que se realiz\u00f3 en febrero donde se analiz\u00f3 con el Gobierno Regional ir en ayuda de los productores azotados por las distintas cat\u00e1strofes que hemos tenido en el \u00faltimo tiempo, tanto en los incendios del a\u00f1o pasado y este a\u00f1o. Hoy d\u00eda mejorar esta oferta competitiva para los distintos mercados nos hace muy bien, diversificar esta oferta; los productos a granel en el mercado nacional han disminuido considerablemente las ventas y esta es una oferta que tenemos disponible y que se puede concretar en los mercados europeos\u201d.<\/p>\n<p style=\"text-align: justify;\">En representaci\u00f3n de Cooperativa Agr\u00edcola Coovicen, Amparo Gui\u00f1ez, asegur\u00f3 que \u201cpoder participar en la feria de \u00c1msterdam es una gran oportunidad ya que ah\u00ed llegan muchos importadores de vino a granel y nuestra idea siempre ha sido el poder exportar vino a granel, pues eso hace desatomizar la producci\u00f3n de muchos productores del Valle del Itata y principalmente de Quill\u00f3n, por lo tanto, esta es una tremenda ventana que se abre con un vino distinto, porque generalmente llegan m\u00e1s vinos tintos a esta feria internacional, sin embargo, Coovicen es productora de uva blanca, de vino blanco, por lo que tambi\u00e9n hay una gran oportunidad\u201d.<\/p>\n<p style=\"text-align: justify;\">Finalmente para Hern\u00e1n Segura, representante del gremio de Enoturismo del Valle del Itata, primero \u201cesta es una oportunidad que se nos est\u00e1 dando, donde rescatamos la voluntad de las autoridades, sobre todo del Gobierno Regional y ProChile y otras que se han ido sumando a realizar un trabajo\u00a0 colaborativo; segundo nosotros como sector poder organizarnos en diferentes gremios de vi\u00f1ateros, de enoturismo, de diferentes cooperativas y, como tercer punto, la posibilidad de tener una mirada en el largo plazo sobre todo pensando en las exigencias que tienen los mercados internacionales, por ejemplo, en el \u00e1mbito de la sustentabilidad, en los vinos de nicho y en los vinos que buscan una producci\u00f3n amigable con el medio ambiente y el entorno y eso lo estamos haciendo desde Itata\u201d.<\/p>\n","protected":false},"excerpt":{"rendered":"<p>Agosto 2023: El Gobernador Cris\u00f3stomo junto al director regional de ProChile, entregaron detalles del concurso que da la posibilidad que vi\u00f1as o asociaciones productoras, puedan participar a fines de noviembre del World Bulk Wine&#46;&#46;&#46;<\/p>\n","protected":false},"author":2,"featured_media":29314,"comment_status":"closed","ping_status":"closed","sticky":false,"template":"","format":"standard","meta":{"footnotes":""},"categories":[1],"tags":[1115,2928,8,6,117],"class_list":["post-29313","post","type-post","status-publish","format-standard","has-post-thumbnail","hentry","category-noticias","tag-noticias","tag-productores-vino-a-granel","tag-yungay","tag-yungayino","tag-yungayinocl"],"_links":{"self":[{"href":"https:\/\/www.yungayino.cl\/noticias\/index.php?rest_route=\/wp\/v2\/posts\/29313","targetHints":{"allow":["GET"]}}],"collection":[{"href":"https:\/\/www.yungayino.cl\/noticias\/index.php?rest_route=\/wp\/v2\/posts"}],"about":[{"href":"https:\/\/www.yungayino.cl\/noticias\/index.php?rest_route=\/wp\/v2\/types\/post"}],"author":[{"embeddable":true,"href":"https:\/\/www.yungayino.cl\/noticias\/index.php?rest_route=\/wp\/v2\/users\/2"}],"replies":[{"embeddable":true,"href":"https:\/\/www.yungayino.cl\/noticias\/index.php?rest_route=%2Fwp%2Fv2%2Fcomments&post=29313"}],"version-history":[{"count":3,"href":"https:\/\/www.yungayino.cl\/noticias\/index.php?rest_route=\/wp\/v2\/posts\/29313\/revisions"}],"predecessor-version":[{"id":29317,"href":"https:\/\/www.yungayino.cl\/noticias\/index.php?rest_route=\/wp\/v2\/posts\/29313\/revisions\/29317"}],"wp:featuredmedia":[{"embeddable":true,"href":"https:\/\/www.yungayino.cl\/noticias\/index.php?rest_route=\/wp\/v2\/media\/29314"}],"wp:attachment":[{"href":"https:\/\/www.yungayino.cl\/noticias\/index.php?rest_route=%2Fwp%2Fv2%2Fmedia&parent=29313"}],"wp:term":[{"taxonomy":"category","embeddable":true,"href":"https:\/\/www.yungayino.cl\/noticias\/index.php?rest_route=%2Fwp%2Fv2%2Fcategories&post=29313"},{"taxonomy":"post_tag","embeddable":true,"href":"https:\/\/www.yungayino.cl\/noticias\/index.php?rest_route=%2Fwp%2Fv2%2Ftags&post=29313"}],"curies":[{"name":"wp","href":"https:\/\/api.w.org\/{rel}","templated":true}]}}