{"id":29327,"date":"2023-08-24T12:00:09","date_gmt":"2023-08-24T16:00:09","guid":{"rendered":"http:\/\/www.yungayino.cl\/noticias\/?p=29327"},"modified":"2023-08-24T12:41:11","modified_gmt":"2023-08-24T16:41:11","slug":"alcalde-y-equipo-de-emergencia-evaluan-devastacion-causada-por-lluvias-en-la-comuna-se-insta-a-la-comunidad-a-evitar-zonas-peligrosas","status":"publish","type":"post","link":"https:\/\/www.yungayino.cl\/noticias\/?p=29327","title":{"rendered":"Alcalde Y Equipo De Emergencia Eval\u00faan Devastaci\u00f3n Causada Por Lluvias En La Comuna; Se Insta A La Comunidad A Evitar Zonas Peligrosas"},"content":{"rendered":"<p><img loading=\"lazy\" decoding=\"async\" class=\"alignnone wp-image-29328 size-full\" src=\"http:\/\/www.yungayino.cl\/noticias\/wp-content\/uploads\/2023\/08\/equipo-emergencia-1.jpg\" alt=\"\" width=\"700\" height=\"350\" srcset=\"https:\/\/www.yungayino.cl\/noticias\/wp-content\/uploads\/2023\/08\/equipo-emergencia-1.jpg 700w, https:\/\/www.yungayino.cl\/noticias\/wp-content\/uploads\/2023\/08\/equipo-emergencia-1-300x150.jpg 300w\" sizes=\"auto, (max-width: 700px) 100vw, 700px\" \/><\/p>\n<p style=\"text-align: justify;\">Yungay, agosto 2023: En respuesta a la reciente emergencia desencadenada por fuertes lluvias y la crecida del r\u00edo Cholgu\u00e1n , especialmente en el sector de Santa Luc\u00eda Bajo, el alcalde Rafael Cifuentes Rodr\u00edguez, acompa\u00f1ado por su equipo de emergencia, se desplaz\u00f3 hasta la zona afectada para constatar de primera mano los estragos ocasionados por este desastre natural.<\/p>\n<p style=\"text-align: justify;\">Hay viviendas inundadas, terrenos anegados y caminos socavados. Ante esta situaci\u00f3n cr\u00edtica, el alcalde Cifuentes Rodr\u00edguez no perdi\u00f3 tiempo y, en un acto de celeridad y compromiso, ofici\u00f3 a las autoridades regionales solicitando asistencia y recursos para la pronta recuperaci\u00f3n de la comunidad.<\/p>\n<p style=\"text-align: justify;\">\u00abEstamos aqu\u00ed para apoyar a nuestra comunidad en este momento de dificultad. No descansaremos hasta que todos los afectados reciban la ayuda y el respaldo que necesitan\u00bb, declar\u00f3 el alcalde durante su recorrido por la zona afectada. Acompa\u00f1ado por su equipo de emergencia, se evaluaron los da\u00f1os y se tomaron medidas inmediatas para coordinar los esfuerzos de rescate y rehabilitaci\u00f3n.<\/p>\n<p style=\"text-align: justify;\">Sin embargo, se hace hincapi\u00e9 en que, debido a la magnitud del riesgo y a la inestabilidad de algunas \u00e1reas, la comunidad debe abstenerse de acercarse a las zonas afectadas. Recordar que la ruta 933 a Santa Lucia Bajo, se encuentra suspendida para tr\u00e1nsito vehicular. Las autoridades han advertido que estas \u00e1reas pueden ser peligrosas y su acceso no est\u00e1 permitido por razones de seguridad.<\/p>\n<p>&nbsp;<\/p>\n<p><img loading=\"lazy\" decoding=\"async\" class=\"alignnone wp-image-29330 size-full\" src=\"http:\/\/www.yungayino.cl\/noticias\/wp-content\/uploads\/2023\/08\/equipo-emergencia-3.jpg\" alt=\"\" width=\"700\" height=\"525\" srcset=\"https:\/\/www.yungayino.cl\/noticias\/wp-content\/uploads\/2023\/08\/equipo-emergencia-3.jpg 700w, https:\/\/www.yungayino.cl\/noticias\/wp-content\/uploads\/2023\/08\/equipo-emergencia-3-300x225.jpg 300w\" sizes=\"auto, (max-width: 700px) 100vw, 700px\" \/><\/p>\n<p><img loading=\"lazy\" decoding=\"async\" class=\"alignnone wp-image-29331 size-full\" src=\"http:\/\/www.yungayino.cl\/noticias\/wp-content\/uploads\/2023\/08\/equipo-emergencia-4.jpg\" alt=\"\" width=\"700\" height=\"525\" srcset=\"https:\/\/www.yungayino.cl\/noticias\/wp-content\/uploads\/2023\/08\/equipo-emergencia-4.jpg 700w, https:\/\/www.yungayino.cl\/noticias\/wp-content\/uploads\/2023\/08\/equipo-emergencia-4-300x225.jpg 300w\" sizes=\"auto, (max-width: 700px) 100vw, 700px\" \/><\/p>\n<p><img loading=\"lazy\" decoding=\"async\" class=\"alignnone wp-image-29329 size-full\" src=\"http:\/\/www.yungayino.cl\/noticias\/wp-content\/uploads\/2023\/08\/equipo-emergencia-2.jpg\" alt=\"\" width=\"700\" height=\"525\" srcset=\"https:\/\/www.yungayino.cl\/noticias\/wp-content\/uploads\/2023\/08\/equipo-emergencia-2.jpg 700w, https:\/\/www.yungayino.cl\/noticias\/wp-content\/uploads\/2023\/08\/equipo-emergencia-2-300x225.jpg 300w\" sizes=\"auto, (max-width: 700px) 100vw, 700px\" \/><\/p>\n","protected":false},"excerpt":{"rendered":"<p>Yungay, agosto 2023: En respuesta a la reciente emergencia desencadenada por fuertes lluvias y la crecida del r\u00edo Cholgu\u00e1n , especialmente en el sector de Santa Luc\u00eda Bajo, el alcalde Rafael Cifuentes Rodr\u00edguez, acompa\u00f1ado&#46;&#46;&#46;<\/p>\n","protected":false},"author":2,"featured_media":29328,"comment_status":"closed","ping_status":"closed","sticky":false,"template":"","format":"standard","meta":{"footnotes":""},"categories":[1],"tags":[1115,302,8,6,117],"class_list":["post-29327","post","type-post","status-publish","format-standard","has-post-thumbnail","hentry","category-noticias","tag-noticias","tag-santa-lucia-bajo","tag-yungay","tag-yungayino","tag-yungayinocl"],"_links":{"self":[{"href":"https:\/\/www.yungayino.cl\/noticias\/index.php?rest_route=\/wp\/v2\/posts\/29327","targetHints":{"allow":["GET"]}}],"collection":[{"href":"https:\/\/www.yungayino.cl\/noticias\/index.php?rest_route=\/wp\/v2\/posts"}],"about":[{"href":"https:\/\/www.yungayino.cl\/noticias\/index.php?rest_route=\/wp\/v2\/types\/post"}],"author":[{"embeddable":true,"href":"https:\/\/www.yungayino.cl\/noticias\/index.php?rest_route=\/wp\/v2\/users\/2"}],"replies":[{"embeddable":true,"href":"https:\/\/www.yungayino.cl\/noticias\/index.php?rest_route=%2Fwp%2Fv2%2Fcomments&post=29327"}],"version-history":[{"count":1,"href":"https:\/\/www.yungayino.cl\/noticias\/index.php?rest_route=\/wp\/v2\/posts\/29327\/revisions"}],"predecessor-version":[{"id":29332,"href":"https:\/\/www.yungayino.cl\/noticias\/index.php?rest_route=\/wp\/v2\/posts\/29327\/revisions\/29332"}],"wp:featuredmedia":[{"embeddable":true,"href":"https:\/\/www.yungayino.cl\/noticias\/index.php?rest_route=\/wp\/v2\/media\/29328"}],"wp:attachment":[{"href":"https:\/\/www.yungayino.cl\/noticias\/index.php?rest_route=%2Fwp%2Fv2%2Fmedia&parent=29327"}],"wp:term":[{"taxonomy":"category","embeddable":true,"href":"https:\/\/www.yungayino.cl\/noticias\/index.php?rest_route=%2Fwp%2Fv2%2Fcategories&post=29327"},{"taxonomy":"post_tag","embeddable":true,"href":"https:\/\/www.yungayino.cl\/noticias\/index.php?rest_route=%2Fwp%2Fv2%2Ftags&post=29327"}],"curies":[{"name":"wp","href":"https:\/\/api.w.org\/{rel}","templated":true}]}}