{"id":29333,"date":"2023-08-25T07:00:26","date_gmt":"2023-08-25T11:00:26","guid":{"rendered":"http:\/\/www.yungayino.cl\/noticias\/?p=29333"},"modified":"2023-08-24T12:43:16","modified_gmt":"2023-08-24T16:43:16","slug":"rehabilitando-el-camino-hacia-santa-lucia-bajo-tras-devastadoras-lluvias","status":"publish","type":"post","link":"https:\/\/www.yungayino.cl\/noticias\/?p=29333","title":{"rendered":"Rehabilitando El Camino Hacia Santa Luc\u00eda Bajo Tras Devastadoras Lluvias"},"content":{"rendered":"<p><img loading=\"lazy\" decoding=\"async\" class=\"alignnone wp-image-29334 size-full\" src=\"http:\/\/www.yungayino.cl\/noticias\/wp-content\/uploads\/2023\/08\/camino-1.jpg\" alt=\"\" width=\"700\" height=\"350\" srcset=\"https:\/\/www.yungayino.cl\/noticias\/wp-content\/uploads\/2023\/08\/camino-1.jpg 700w, https:\/\/www.yungayino.cl\/noticias\/wp-content\/uploads\/2023\/08\/camino-1-300x150.jpg 300w\" sizes=\"auto, (max-width: 700px) 100vw, 700px\" \/><\/p>\n<p style=\"text-align: justify;\">Yungay, agosto 2023: En un gesto notable de solidaridad y determinaci\u00f3n, los residentes de Santa Luc\u00eda Bajo, liderados por el presidente de la junta de vecinos, Juan Pablo Retamal Retamal, han unido fuerzas para emprender la habilitaci\u00f3n del vital camino que conecta el sector con Yungay. El paso hab\u00eda quedado completamente intransitable debido a la crecida del r\u00edo Cholgu\u00e1n, ocasionada por las torrenciales lluvias que azotaron la regi\u00f3n en d\u00edas recientes.<\/p>\n<p style=\"text-align: justify;\">Ante la urgencia de restaurar la conectividad, los residentes han puesto a disposici\u00f3n su propia maquinaria y esfuerzo, mostrando un compromiso ejemplar por el bienestar de la comunidad. El alcalde de la comuna, Rafael Cifuentes Rodr\u00edguez, ha demostrado su apoyo constante durante esta emergencia y ha comprometido la maquinaria municipal para sumar esfuerzos en esta necesaria habilitaci\u00f3n.<\/p>\n<p style=\"text-align: justify;\">La importancia de esta ruta no puede ser subestimada. La anterior emergencia clim\u00e1tica hab\u00eda dejado inaccesible la ruta S\/R-N-933 Cruce N-935 (Puente Las Mulas) &#8211; Santa Luc\u00eda Bajo &#8211; R\u00edo Cangrejo en cuatro puntos cr\u00edticos, generando que m\u00e1s de un centenar de personas quedaran aisladas. La magnitud de los da\u00f1os sugiere que la reconstrucci\u00f3n definitiva llevar\u00e1 un tiempo considerable, ya que se requiere la implementaci\u00f3n de dise\u00f1os de mejora, obras de enrocado y otras medidas de contenci\u00f3n en los taludes afectados.<\/p>\n<p style=\"text-align: justify;\">Es por esto que la alternativa sugerida por el equipo t\u00e9cnico es la habilitaci\u00f3n de la ruta N-941 (Santa Luc\u00eda Alto), que conecta con la ruta N-933 en Santa Luc\u00eda Bajo. La apertura de este trazado proporcionar\u00e1 una v\u00eda alternativa crucial para mantener la conectividad de las personas afectadas por el aislamiento.<\/p>\n<p style=\"text-align: justify;\">Las buenas noticias son que el Servicio Nacional de Prevenci\u00f3n y Respuesta ante Desastres, SENAPRED, a trav\u00e9s de la direcci\u00f3n regional de vialidad, ha comprometido recursos para llevar a cabo prontamente los trabajos de habilitaci\u00f3n de esta nueva ruta.<\/p>\n<p style=\"text-align: justify;\">Con la colaboraci\u00f3n de los residentes y el respaldo del alcalde y las entidades regionales, se espera que esta iniciativa logre restaurar la conectividad esencial y brindar alivio a las comunidades afectadas. La determinaci\u00f3n de los vecinos de Santa Luc\u00eda Bajo es un testimonio inspirador de la fuerza comunitaria en tiempos de adversidad.<\/p>\n<p>&nbsp;<\/p>\n<p><img loading=\"lazy\" decoding=\"async\" class=\"alignnone wp-image-29335 size-full\" src=\"http:\/\/www.yungayino.cl\/noticias\/wp-content\/uploads\/2023\/08\/camino-2.jpg\" alt=\"\" width=\"700\" height=\"367\" srcset=\"https:\/\/www.yungayino.cl\/noticias\/wp-content\/uploads\/2023\/08\/camino-2.jpg 700w, https:\/\/www.yungayino.cl\/noticias\/wp-content\/uploads\/2023\/08\/camino-2-300x157.jpg 300w\" sizes=\"auto, (max-width: 700px) 100vw, 700px\" \/><\/p>\n","protected":false},"excerpt":{"rendered":"<p>Yungay, agosto 2023: En un gesto notable de solidaridad y determinaci\u00f3n, los residentes de Santa Luc\u00eda Bajo, liderados por el presidente de la junta de vecinos, Juan Pablo Retamal Retamal, han unido fuerzas para&#46;&#46;&#46;<\/p>\n","protected":false},"author":2,"featured_media":29334,"comment_status":"closed","ping_status":"closed","sticky":false,"template":"","format":"standard","meta":{"footnotes":""},"categories":[1],"tags":[1115,302,8,6,117],"class_list":["post-29333","post","type-post","status-publish","format-standard","has-post-thumbnail","hentry","category-noticias","tag-noticias","tag-santa-lucia-bajo","tag-yungay","tag-yungayino","tag-yungayinocl"],"_links":{"self":[{"href":"https:\/\/www.yungayino.cl\/noticias\/index.php?rest_route=\/wp\/v2\/posts\/29333","targetHints":{"allow":["GET"]}}],"collection":[{"href":"https:\/\/www.yungayino.cl\/noticias\/index.php?rest_route=\/wp\/v2\/posts"}],"about":[{"href":"https:\/\/www.yungayino.cl\/noticias\/index.php?rest_route=\/wp\/v2\/types\/post"}],"author":[{"embeddable":true,"href":"https:\/\/www.yungayino.cl\/noticias\/index.php?rest_route=\/wp\/v2\/users\/2"}],"replies":[{"embeddable":true,"href":"https:\/\/www.yungayino.cl\/noticias\/index.php?rest_route=%2Fwp%2Fv2%2Fcomments&post=29333"}],"version-history":[{"count":1,"href":"https:\/\/www.yungayino.cl\/noticias\/index.php?rest_route=\/wp\/v2\/posts\/29333\/revisions"}],"predecessor-version":[{"id":29336,"href":"https:\/\/www.yungayino.cl\/noticias\/index.php?rest_route=\/wp\/v2\/posts\/29333\/revisions\/29336"}],"wp:featuredmedia":[{"embeddable":true,"href":"https:\/\/www.yungayino.cl\/noticias\/index.php?rest_route=\/wp\/v2\/media\/29334"}],"wp:attachment":[{"href":"https:\/\/www.yungayino.cl\/noticias\/index.php?rest_route=%2Fwp%2Fv2%2Fmedia&parent=29333"}],"wp:term":[{"taxonomy":"category","embeddable":true,"href":"https:\/\/www.yungayino.cl\/noticias\/index.php?rest_route=%2Fwp%2Fv2%2Fcategories&post=29333"},{"taxonomy":"post_tag","embeddable":true,"href":"https:\/\/www.yungayino.cl\/noticias\/index.php?rest_route=%2Fwp%2Fv2%2Ftags&post=29333"}],"curies":[{"name":"wp","href":"https:\/\/api.w.org\/{rel}","templated":true}]}}