{"id":29337,"date":"2023-08-26T07:00:23","date_gmt":"2023-08-26T11:00:23","guid":{"rendered":"http:\/\/www.yungayino.cl\/noticias\/?p=29337"},"modified":"2023-08-24T13:00:35","modified_gmt":"2023-08-24T17:00:35","slug":"firman-convenio-colaborativo-os-14-para-reforzar-seguridad-ciudadana","status":"publish","type":"post","link":"https:\/\/www.yungayino.cl\/noticias\/?p=29337","title":{"rendered":"Firman Convenio Colaborativo OS-14 Para Reforzar Seguridad Ciudadana"},"content":{"rendered":"<p><img loading=\"lazy\" decoding=\"async\" class=\"alignnone wp-image-29339 size-full\" src=\"http:\/\/www.yungayino.cl\/noticias\/wp-content\/uploads\/2023\/08\/reforzar-seguridad-2.jpg\" alt=\"\" width=\"700\" height=\"350\" srcset=\"https:\/\/www.yungayino.cl\/noticias\/wp-content\/uploads\/2023\/08\/reforzar-seguridad-2.jpg 700w, https:\/\/www.yungayino.cl\/noticias\/wp-content\/uploads\/2023\/08\/reforzar-seguridad-2-300x150.jpg 300w\" sizes=\"auto, (max-width: 700px) 100vw, 700px\" \/><\/p>\n<p style=\"text-align: justify;\">Yungay, agosto 2023: En un esfuerzo por mejorar la sensaci\u00f3n de seguridad en la comuna, el alcalde, Rafael Cifuentes Rodr\u00edguez firm\u00f3 un importante #convenio con Carabineros de Chile para fortalecer la colaboraci\u00f3n entre la instituci\u00f3n y el personal municipal de Seguridad Ciudadana.<\/p>\n<p style=\"text-align: justify;\">El pasado mi\u00e9rcoles marc\u00f3 un hito en la regi\u00f3n de #\u00d1uble, ya que las 21 comunas se unieron en un acto simb\u00f3lico realizado en el Campus Fernando May de la Universidad del Bio Bio en Chill\u00e1n, para firmar el Convenio de Coordinaci\u00f3n Municipal del Departamento OS.14 de Carabineros de Chile, el que permitir\u00e1 enfrentar en conjunto los desaf\u00edos de la seguridad a nivel local, prevenir delitos y mejorar la calidad de vida de vecinos y vecinas.<\/p>\n<p style=\"text-align: justify;\">La general Mar\u00eda Teresa Araya, jefa de la XVI zona de Carabineros \u00d1uble, destac\u00f3 el compromiso ejemplar de cada municipio en este esfuerzo colaborativo. Reconoci\u00f3 los recursos invertidos en la capacitaci\u00f3n de funcionarios municipales y la puesta en marcha de los departamentos y oficinas de seguridad. Estos avances marcan el inicio de una cooperaci\u00f3n que, sin duda, fortalecer\u00e1 la seguridad ciudadana mediante estrategias m\u00e1s efectivas y beneficiosas para todos los residentes.<\/p>\n<p style=\"text-align: justify;\">El evento cont\u00f3 con la presencia de diversas autoridades ligadas a la seguridad regional, incluyendo al delegado presidencial de la regi\u00f3n, Gabriel Pradenas Sandoval, y al ministro de agricultura, Esteban Valenzuela. Estas figuras gubernamentales respaldaron este importante paso hacia adelante en la mejora de la seguridad local.<\/p>\n<p style=\"text-align: justify;\">Una de las estrategias clave que se implementar\u00e1n para alcanzar estos objetivos son los patrullajes mixtos. En Yungay, este enfoque se encuentra en funcionamiento desde principios de a\u00f1o. Un inspector municipal y un carabinero forman un equipo que realiza rondas de vigilancia conjuntas, respondiendo a incidentes y manteniendo la seguridad de manera coordinada. Esta estrategia refleja la determinaci\u00f3n de la municipalidad de Yungay de trabajar en unidad para proporcionar un entorno m\u00e1s seguro y confiable para sus habitantes.<\/p>\n<p>&nbsp;<\/p>\n<p><img loading=\"lazy\" decoding=\"async\" class=\"alignnone wp-image-29340 size-full\" src=\"http:\/\/www.yungayino.cl\/noticias\/wp-content\/uploads\/2023\/08\/reforzar-seguridad-3.jpg\" alt=\"\" width=\"700\" height=\"467\" srcset=\"https:\/\/www.yungayino.cl\/noticias\/wp-content\/uploads\/2023\/08\/reforzar-seguridad-3.jpg 700w, https:\/\/www.yungayino.cl\/noticias\/wp-content\/uploads\/2023\/08\/reforzar-seguridad-3-300x200.jpg 300w\" sizes=\"auto, (max-width: 700px) 100vw, 700px\" \/><\/p>\n<p><img loading=\"lazy\" decoding=\"async\" class=\"alignnone wp-image-29338 size-full\" src=\"http:\/\/www.yungayino.cl\/noticias\/wp-content\/uploads\/2023\/08\/reforzar-seguridad-1.jpg\" alt=\"\" width=\"700\" height=\"467\" srcset=\"https:\/\/www.yungayino.cl\/noticias\/wp-content\/uploads\/2023\/08\/reforzar-seguridad-1.jpg 700w, https:\/\/www.yungayino.cl\/noticias\/wp-content\/uploads\/2023\/08\/reforzar-seguridad-1-300x200.jpg 300w\" sizes=\"auto, (max-width: 700px) 100vw, 700px\" \/><\/p>\n","protected":false},"excerpt":{"rendered":"<p>Yungay, agosto 2023: En un esfuerzo por mejorar la sensaci\u00f3n de seguridad en la comuna, el alcalde, Rafael Cifuentes Rodr\u00edguez firm\u00f3 un importante #convenio con Carabineros de Chile para fortalecer la colaboraci\u00f3n entre la&#46;&#46;&#46;<\/p>\n","protected":false},"author":2,"featured_media":29339,"comment_status":"closed","ping_status":"closed","sticky":false,"template":"","format":"standard","meta":{"footnotes":""},"categories":[1],"tags":[25,1115,2929,8,6,117],"class_list":["post-29337","post","type-post","status-publish","format-standard","has-post-thumbnail","hentry","category-noticias","tag-carabineros","tag-noticias","tag-seguridad-cuidadana","tag-yungay","tag-yungayino","tag-yungayinocl"],"_links":{"self":[{"href":"https:\/\/www.yungayino.cl\/noticias\/index.php?rest_route=\/wp\/v2\/posts\/29337","targetHints":{"allow":["GET"]}}],"collection":[{"href":"https:\/\/www.yungayino.cl\/noticias\/index.php?rest_route=\/wp\/v2\/posts"}],"about":[{"href":"https:\/\/www.yungayino.cl\/noticias\/index.php?rest_route=\/wp\/v2\/types\/post"}],"author":[{"embeddable":true,"href":"https:\/\/www.yungayino.cl\/noticias\/index.php?rest_route=\/wp\/v2\/users\/2"}],"replies":[{"embeddable":true,"href":"https:\/\/www.yungayino.cl\/noticias\/index.php?rest_route=%2Fwp%2Fv2%2Fcomments&post=29337"}],"version-history":[{"count":1,"href":"https:\/\/www.yungayino.cl\/noticias\/index.php?rest_route=\/wp\/v2\/posts\/29337\/revisions"}],"predecessor-version":[{"id":29341,"href":"https:\/\/www.yungayino.cl\/noticias\/index.php?rest_route=\/wp\/v2\/posts\/29337\/revisions\/29341"}],"wp:featuredmedia":[{"embeddable":true,"href":"https:\/\/www.yungayino.cl\/noticias\/index.php?rest_route=\/wp\/v2\/media\/29339"}],"wp:attachment":[{"href":"https:\/\/www.yungayino.cl\/noticias\/index.php?rest_route=%2Fwp%2Fv2%2Fmedia&parent=29337"}],"wp:term":[{"taxonomy":"category","embeddable":true,"href":"https:\/\/www.yungayino.cl\/noticias\/index.php?rest_route=%2Fwp%2Fv2%2Fcategories&post=29337"},{"taxonomy":"post_tag","embeddable":true,"href":"https:\/\/www.yungayino.cl\/noticias\/index.php?rest_route=%2Fwp%2Fv2%2Ftags&post=29337"}],"curies":[{"name":"wp","href":"https:\/\/api.w.org\/{rel}","templated":true}]}}