{"id":29342,"date":"2023-08-24T20:00:23","date_gmt":"2023-08-25T00:00:23","guid":{"rendered":"http:\/\/www.yungayino.cl\/noticias\/?p=29342"},"modified":"2023-08-24T21:48:25","modified_gmt":"2023-08-25T01:48:25","slug":"carabineros-de-la-cuarta-comisaria-de-yungay-realizo-cuenta-publica","status":"publish","type":"post","link":"https:\/\/www.yungayino.cl\/noticias\/?p=29342","title":{"rendered":"Carabineros De La Cuarta Comisar\u00eda De Yungay Realiz\u00f3 Cuenta P\u00fablica"},"content":{"rendered":"<p><img loading=\"lazy\" decoding=\"async\" class=\"alignnone wp-image-29343 size-full\" src=\"http:\/\/www.yungayino.cl\/noticias\/wp-content\/uploads\/2023\/08\/portada-10.jpg\" alt=\"\" width=\"700\" height=\"350\" srcset=\"https:\/\/www.yungayino.cl\/noticias\/wp-content\/uploads\/2023\/08\/portada-10.jpg 700w, https:\/\/www.yungayino.cl\/noticias\/wp-content\/uploads\/2023\/08\/portada-10-300x150.jpg 300w\" sizes=\"auto, (max-width: 700px) 100vw, 700px\" \/><\/p>\n<p style=\"text-align: justify;\">Yungay, agosto 2023: En las dependencias del Auditorio de la Biblioteca Municipal, el Mayor de Carabineros y Comisario de la Cuarta Comisaria de Carabineros de Yungay <strong>Sr. Paulo Jim\u00e9nez Due\u00f1as<\/strong>, rindi\u00f3 la cuenta p\u00fablica anual de la gesti\u00f3n 2022, con el objetivo de dar a conocer a las Autoridades Locales, Concejales, Dirigentes Sociales, Invitados Especiales y Comunidad en General el trabajo realizado por la instituci\u00f3n durante esta etapa.<\/p>\n<p style=\"text-align: justify;\">En la ocasi\u00f3n, el Comisario Sr. Paulo Jim\u00e9nez Due\u00f1as realiz\u00f3 una exposici\u00f3n a los presentes donde dio a conocer en la cuenta p\u00fablica cifras de procedimientos realizados durante el a\u00f1o 2022, como la incautaci\u00f3n de armas, procedimientos de control de orden p\u00fablico, decomiso de drogas, \u00f3rdenes judiciales, accidentabilidad y controles preventivos en Yungay.<\/p>\n<p style=\"text-align: justify;\">Tambi\u00e9n el Mayor destac\u00f3 el apoyo del Municipio a trav\u00e9s de su alcalde Rafael Cifuentes y el reciente convenio de trabajo colaborativo con el Departamento O.S.14 de Carabineros, el cual busca fortalecer la seguridad y la prevenci\u00f3n del delito a nivel local, a trav\u00e9s de la cooperaci\u00f3n y coordinaci\u00f3n entre estas dos entidades.<\/p>\n<p style=\"text-align: justify;\">Finalmente se\u00f1alar que la cuenta cont\u00f3 con la asistencia del Subprefecto de Carabineros \u00d1uble, Sr. Diego Salas Villarroel, adem\u00e1s de funcionarios de Carabineros de Campanario, Pemuco y El Carmen.<\/p>\n<p>&nbsp;<\/p>\n<p style=\"text-align: justify;\"><a href=\"https:\/\/www.facebook.com\/media\/set\/?vanity=yungayino.cl&amp;set=a.684617153708125\">FOTOGRAF\u00cdAS &#8211; Carabineros De La Cuarta Comisar\u00eda De Yungay Realiz\u00f3 Cuenta P\u00fablica<\/a><\/p>\n","protected":false},"excerpt":{"rendered":"<p>Yungay, agosto 2023: En las dependencias del Auditorio de la Biblioteca Municipal, el Mayor de Carabineros y Comisario de la Cuarta Comisaria de Carabineros de Yungay Sr. Paulo Jim\u00e9nez Due\u00f1as, rindi\u00f3 la cuenta p\u00fablica&#46;&#46;&#46;<\/p>\n","protected":false},"author":2,"featured_media":29343,"comment_status":"closed","ping_status":"closed","sticky":false,"template":"","format":"standard","meta":{"footnotes":""},"categories":[1],"tags":[25,365,1115,8,6,117],"class_list":["post-29342","post","type-post","status-publish","format-standard","has-post-thumbnail","hentry","category-noticias","tag-carabineros","tag-cuenta-publica","tag-noticias","tag-yungay","tag-yungayino","tag-yungayinocl"],"_links":{"self":[{"href":"https:\/\/www.yungayino.cl\/noticias\/index.php?rest_route=\/wp\/v2\/posts\/29342","targetHints":{"allow":["GET"]}}],"collection":[{"href":"https:\/\/www.yungayino.cl\/noticias\/index.php?rest_route=\/wp\/v2\/posts"}],"about":[{"href":"https:\/\/www.yungayino.cl\/noticias\/index.php?rest_route=\/wp\/v2\/types\/post"}],"author":[{"embeddable":true,"href":"https:\/\/www.yungayino.cl\/noticias\/index.php?rest_route=\/wp\/v2\/users\/2"}],"replies":[{"embeddable":true,"href":"https:\/\/www.yungayino.cl\/noticias\/index.php?rest_route=%2Fwp%2Fv2%2Fcomments&post=29342"}],"version-history":[{"count":4,"href":"https:\/\/www.yungayino.cl\/noticias\/index.php?rest_route=\/wp\/v2\/posts\/29342\/revisions"}],"predecessor-version":[{"id":29347,"href":"https:\/\/www.yungayino.cl\/noticias\/index.php?rest_route=\/wp\/v2\/posts\/29342\/revisions\/29347"}],"wp:featuredmedia":[{"embeddable":true,"href":"https:\/\/www.yungayino.cl\/noticias\/index.php?rest_route=\/wp\/v2\/media\/29343"}],"wp:attachment":[{"href":"https:\/\/www.yungayino.cl\/noticias\/index.php?rest_route=%2Fwp%2Fv2%2Fmedia&parent=29342"}],"wp:term":[{"taxonomy":"category","embeddable":true,"href":"https:\/\/www.yungayino.cl\/noticias\/index.php?rest_route=%2Fwp%2Fv2%2Fcategories&post=29342"},{"taxonomy":"post_tag","embeddable":true,"href":"https:\/\/www.yungayino.cl\/noticias\/index.php?rest_route=%2Fwp%2Fv2%2Ftags&post=29342"}],"curies":[{"name":"wp","href":"https:\/\/api.w.org\/{rel}","templated":true}]}}