{"id":29386,"date":"2023-08-31T08:00:57","date_gmt":"2023-08-31T12:00:57","guid":{"rendered":"http:\/\/www.yungayino.cl\/noticias\/?p=29386"},"modified":"2023-08-30T23:07:00","modified_gmt":"2023-08-31T03:07:00","slug":"desarrolla-tu-negocio-de-manera-sostenible-con-las-capacitaciones-especializadas","status":"publish","type":"post","link":"https:\/\/www.yungayino.cl\/noticias\/?p=29386","title":{"rendered":"Desarrolla Tu Negocio De Manera Sostenible Con Las Capacitaciones Especializadas"},"content":{"rendered":"<p><img loading=\"lazy\" decoding=\"async\" class=\"alignnone wp-image-29387 size-full\" src=\"http:\/\/www.yungayino.cl\/noticias\/wp-content\/uploads\/2023\/08\/30-agosto-taller.jpg\" alt=\"\" width=\"700\" height=\"700\" srcset=\"https:\/\/www.yungayino.cl\/noticias\/wp-content\/uploads\/2023\/08\/30-agosto-taller.jpg 700w, https:\/\/www.yungayino.cl\/noticias\/wp-content\/uploads\/2023\/08\/30-agosto-taller-300x300.jpg 300w, https:\/\/www.yungayino.cl\/noticias\/wp-content\/uploads\/2023\/08\/30-agosto-taller-150x150.jpg 150w, https:\/\/www.yungayino.cl\/noticias\/wp-content\/uploads\/2023\/08\/30-agosto-taller-80x80.jpg 80w, https:\/\/www.yungayino.cl\/noticias\/wp-content\/uploads\/2023\/08\/30-agosto-taller-320x320.jpg 320w\" sizes=\"auto, (max-width: 700px) 100vw, 700px\" \/><\/p>\n<p style=\"text-align: justify;\">Yungay, agosto 2023: En asociaci\u00f3n con el Centro de Negocios de SERCOTEC de Chill\u00e1n, la Direcci\u00f3n de Desarrollo Econ\u00f3mico Local y Sustentabilidad de nuestro municipio te invita a formar parte de un emocionante programa de capacitaci\u00f3n. Estamos comprometidos con potenciar el crecimiento de emprendedores y empresarios de la comuna de Yungay, gui\u00e1ndote hacia un futuro exitoso y sostenible para tu negocio.<\/p>\n<p style=\"text-align: justify;\">Calendario de Capacitaciones (Agosto-Noviembre):<\/p>\n<ul style=\"text-align: justify;\">\n<li>Modelo de Negocios (Septiembre): El 6 de septiembre, a las 12:00horas, te esperamos en la sala-taller de DIDEL, ubicada en el ANEXO MUNICIPAL en calle Tacna S\/N, Yungay. Descubre c\u00f3mo dise\u00f1ar la l\u00f3gica detr\u00e1s de tu empresa, atrayendo clientes y generando beneficios. El uso de la metodolog\u00eda CANVAS te permitir\u00e1 visualizar las interacciones clave en tu modelo de negocio.<\/li>\n<\/ul>\n<ul style=\"text-align: justify;\">\n<li>Valor Agregado de los Productos (Octubre): Aprende a diferenciar tus productos y servicios en el mercado. Descubre c\u00f3mo agregar un valor \u00fanico que atraiga a tus clientes y fomente su lealtad.<\/li>\n<\/ul>\n<ul style=\"text-align: justify;\">\n<li>Marketing Digital (Noviembre): Sum\u00e9rgete en el mundo digital y descubre c\u00f3mo aprovechar las plataformas en l\u00ednea para promocionar tu negocio, llegar a m\u00e1s personas y aumentar tus ventas.<\/li>\n<\/ul>\n<p style=\"text-align: justify;\">Estas capacitaciones est\u00e1n dise\u00f1adas para emprendedores interesados en formalizarse y para empresas ya formalizadas en la comuna de Yungay.<\/p>\n<p style=\"text-align: justify;\">Cupos Limitados: Garantiza tu lugar inscribi\u00e9ndote previamente. Env\u00eda un correo electr\u00f3nico a <strong>secdidel@yungay.cl<\/strong> y asegura tu participaci\u00f3n en esta valiosa oportunidad de crecimiento.<\/p>\n<p style=\"text-align: justify;\">En la Direcci\u00f3n de Desarrollo Econ\u00f3mico Local y Sustentabilidad te esperamos para potenciar tus conocimientos y llevar tu emprendimiento al siguiente nivel.<\/p>\n","protected":false},"excerpt":{"rendered":"<p>Yungay, agosto 2023: En asociaci\u00f3n con el Centro de Negocios de SERCOTEC de Chill\u00e1n, la Direcci\u00f3n de Desarrollo Econ\u00f3mico Local y Sustentabilidad de nuestro municipio te invita a formar parte de un emocionante programa&#46;&#46;&#46;<\/p>\n","protected":false},"author":2,"featured_media":29387,"comment_status":"closed","ping_status":"closed","sticky":false,"template":"","format":"standard","meta":{"footnotes":""},"categories":[1],"tags":[1115,160,8,6,117],"class_list":["post-29386","post","type-post","status-publish","format-standard","has-post-thumbnail","hentry","category-noticias","tag-noticias","tag-sercotec","tag-yungay","tag-yungayino","tag-yungayinocl"],"_links":{"self":[{"href":"https:\/\/www.yungayino.cl\/noticias\/index.php?rest_route=\/wp\/v2\/posts\/29386","targetHints":{"allow":["GET"]}}],"collection":[{"href":"https:\/\/www.yungayino.cl\/noticias\/index.php?rest_route=\/wp\/v2\/posts"}],"about":[{"href":"https:\/\/www.yungayino.cl\/noticias\/index.php?rest_route=\/wp\/v2\/types\/post"}],"author":[{"embeddable":true,"href":"https:\/\/www.yungayino.cl\/noticias\/index.php?rest_route=\/wp\/v2\/users\/2"}],"replies":[{"embeddable":true,"href":"https:\/\/www.yungayino.cl\/noticias\/index.php?rest_route=%2Fwp%2Fv2%2Fcomments&post=29386"}],"version-history":[{"count":2,"href":"https:\/\/www.yungayino.cl\/noticias\/index.php?rest_route=\/wp\/v2\/posts\/29386\/revisions"}],"predecessor-version":[{"id":29389,"href":"https:\/\/www.yungayino.cl\/noticias\/index.php?rest_route=\/wp\/v2\/posts\/29386\/revisions\/29389"}],"wp:featuredmedia":[{"embeddable":true,"href":"https:\/\/www.yungayino.cl\/noticias\/index.php?rest_route=\/wp\/v2\/media\/29387"}],"wp:attachment":[{"href":"https:\/\/www.yungayino.cl\/noticias\/index.php?rest_route=%2Fwp%2Fv2%2Fmedia&parent=29386"}],"wp:term":[{"taxonomy":"category","embeddable":true,"href":"https:\/\/www.yungayino.cl\/noticias\/index.php?rest_route=%2Fwp%2Fv2%2Fcategories&post=29386"},{"taxonomy":"post_tag","embeddable":true,"href":"https:\/\/www.yungayino.cl\/noticias\/index.php?rest_route=%2Fwp%2Fv2%2Ftags&post=29386"}],"curies":[{"name":"wp","href":"https:\/\/api.w.org\/{rel}","templated":true}]}}