{"id":29483,"date":"2023-09-20T07:00:59","date_gmt":"2023-09-20T11:00:59","guid":{"rendered":"http:\/\/www.yungayino.cl\/noticias\/?p=29483"},"modified":"2023-09-05T21:15:33","modified_gmt":"2023-09-06T01:15:33","slug":"medio-ambiente-nuble-abre-convocatoria-a-fondos-de-proteccion-ambiental-fpa-2024","status":"publish","type":"post","link":"https:\/\/www.yungayino.cl\/noticias\/?p=29483","title":{"rendered":"Medio Ambiente \u00d1uble Abre Convocatoria A Fondos De Protecci\u00f3n Ambiental (FPA) 2024"},"content":{"rendered":"<p><img loading=\"lazy\" decoding=\"async\" class=\"alignnone wp-image-29485 size-full\" src=\"http:\/\/www.yungayino.cl\/noticias\/wp-content\/uploads\/2023\/09\/IG-PS-CIUDADANOS.png\" alt=\"\" width=\"700\" height=\"700\" srcset=\"https:\/\/www.yungayino.cl\/noticias\/wp-content\/uploads\/2023\/09\/IG-PS-CIUDADANOS.png 700w, https:\/\/www.yungayino.cl\/noticias\/wp-content\/uploads\/2023\/09\/IG-PS-CIUDADANOS-300x300.png 300w, https:\/\/www.yungayino.cl\/noticias\/wp-content\/uploads\/2023\/09\/IG-PS-CIUDADANOS-150x150.png 150w, https:\/\/www.yungayino.cl\/noticias\/wp-content\/uploads\/2023\/09\/IG-PS-CIUDADANOS-80x80.png 80w, https:\/\/www.yungayino.cl\/noticias\/wp-content\/uploads\/2023\/09\/IG-PS-CIUDADANOS-320x320.png 320w\" sizes=\"auto, (max-width: 700px) 100vw, 700px\" \/><\/p>\n<p style=\"text-align: justify;\">\u00d1uble, septiembre 2023: Las postulaciones a estos fondos concursables se realizan a trav\u00e9s del sitio\u00a0<a href=\"http:\/\/www.fondos.mma.gob.cl\/\" data-auth=\"NotApplicable\" data-linkindex=\"0\">www.fondos.mma.gob.cl,<\/a>\u00a0proceso del que se espera tener resultados el 26 de enero de 2024.<\/p>\n<p style=\"text-align: justify;\">Hasta el 26 de septiembre se encontrar\u00e1n abiertas las postulaciones al XXVII Concurso FPA 2024, con el cual se financiar\u00e1n proyectos de $6 millones que tengan como objetivo\u00a0contribuir a mejorar la calidad ambiental del territorio, sensibilizando a la ciudadan\u00eda a trav\u00e9s de la valoraci\u00f3n del entorno y la educaci\u00f3n ambiental.<\/p>\n<p style=\"text-align: justify;\">Desde el a\u00f1o 1998 a la fecha, se han financiado cerca de 3.770 proyectos a nivel nacional, por un monto que supera los $20 mil millones. En este contexto, el Delegado Presidencial Regional de \u00d1uble, Gabriel Pradenas Sandoval, valor\u00f3 estas instancias, destacando que \u201ces la oportunidad para que los ciudadanos, la comunidad educativa y los pueblos ind\u00edgenas sean parte de proyectos sustentables que consideren aspectos de la educaci\u00f3n ambiental, para generar impactos positivos que detengan el calentamiento global y el cambio clim\u00e1tico, tal como lo mandat\u00f3 el Presidente Gabriel Boric\u201d.<\/p>\n<p style=\"text-align: justify;\">Por su parte, Mario Rivas Pe\u00f1a, seremi del Medio Ambiente de \u00d1uble, destac\u00f3 que \u201cen \u00d1uble tenemos grandes desaf\u00edos ambientales, y la comunidad tiene un rol clave para poder abordarlos con iniciativas locales. Es por eso que hacemos el llamado a postular en la p\u00e1gina web\u00a0<a href=\"http:\/\/www.fondos.mma.gob.cl\/\" data-auth=\"NotApplicable\" data-linkindex=\"1\">www.fondos.mma.gob.cl<\/a>\u00a0que les permitan optar a estos fondos concursables de $6 millones\u201d.<\/p>\n<p style=\"text-align: justify;\">Rivas aclar\u00f3 que \u201clas organizaciones pueden presentar proyectos relacionados con cambio clim\u00e1tico y descontaminaci\u00f3n ambiental; econom\u00eda circular y gesti\u00f3n de residuos; valoraci\u00f3n y conservaci\u00f3n de la biodiversidad y; ecot\u00e9cnias h\u00eddricas y eficiencia energ\u00e9tica. En este contexto, todos los proyectos deber\u00e1n considerar aspectos de educaci\u00f3n ambiental como un pilar transversal, con el objeto de que sea la misma organizaci\u00f3n beneficiaria la que contribuya a la generaci\u00f3n de una cultura ambiental en el entorno en que se encuentra inserta\u201d.<\/p>\n<p style=\"text-align: justify;\">Es por ello que para resolver dudas y consultas de la comunidad interesada en postular a los FPA 2024, la oficina de Educaci\u00f3n Ambiental y Participaci\u00f3n Ciudadana de la Seremi del Medio Ambiente, gracias a la organizaci\u00f3n de la Municipalidad de Chill\u00e1n Viejo, realizaron una capacitaci\u00f3n orientada a proyectos de organizaciones ciudadanas en pos de la protecci\u00f3n de la naturaleza, esperando, por parte de la cartera del Medio Ambiente, una nueva instancia en la comuna de San Ignacio.<\/p>\n<p style=\"text-align: justify;\">Cabe destacar que este 2023\u00a0las comunas de Cobquecura, San Carlos, San Nicol\u00e1s, Coihueco, Trehuaco y Pinto ya se encuentran ejecutando proyectos de protecci\u00f3n ambiental sobre compostaje, agroecolog\u00eda para ni\u00f1os y adultos, reciclaje, bombeo solar, captaci\u00f3n de aguas lluvias, moda circular (reutilizaci\u00f3n de ropa) y aprendizaje del entorno natural de las comunidades.<\/p>\n","protected":false},"excerpt":{"rendered":"<p>\u00d1uble, septiembre 2023: Las postulaciones a estos fondos concursables se realizan a trav\u00e9s del sitio\u00a0www.fondos.mma.gob.cl,\u00a0proceso del que se espera tener resultados el 26 de enero de 2024. Hasta el 26 de septiembre se encontrar\u00e1n&#46;&#46;&#46;<\/p>\n","protected":false},"author":2,"featured_media":29484,"comment_status":"closed","ping_status":"closed","sticky":false,"template":"","format":"standard","meta":{"footnotes":""},"categories":[1],"tags":[904,1115,1678,8,6,117],"class_list":["post-29483","post","type-post","status-publish","format-standard","has-post-thumbnail","hentry","category-noticias","tag-medio-ambiente","tag-noticias","tag-nuble","tag-yungay","tag-yungayino","tag-yungayinocl"],"_links":{"self":[{"href":"https:\/\/www.yungayino.cl\/noticias\/index.php?rest_route=\/wp\/v2\/posts\/29483","targetHints":{"allow":["GET"]}}],"collection":[{"href":"https:\/\/www.yungayino.cl\/noticias\/index.php?rest_route=\/wp\/v2\/posts"}],"about":[{"href":"https:\/\/www.yungayino.cl\/noticias\/index.php?rest_route=\/wp\/v2\/types\/post"}],"author":[{"embeddable":true,"href":"https:\/\/www.yungayino.cl\/noticias\/index.php?rest_route=\/wp\/v2\/users\/2"}],"replies":[{"embeddable":true,"href":"https:\/\/www.yungayino.cl\/noticias\/index.php?rest_route=%2Fwp%2Fv2%2Fcomments&post=29483"}],"version-history":[{"count":1,"href":"https:\/\/www.yungayino.cl\/noticias\/index.php?rest_route=\/wp\/v2\/posts\/29483\/revisions"}],"predecessor-version":[{"id":29486,"href":"https:\/\/www.yungayino.cl\/noticias\/index.php?rest_route=\/wp\/v2\/posts\/29483\/revisions\/29486"}],"wp:featuredmedia":[{"embeddable":true,"href":"https:\/\/www.yungayino.cl\/noticias\/index.php?rest_route=\/wp\/v2\/media\/29484"}],"wp:attachment":[{"href":"https:\/\/www.yungayino.cl\/noticias\/index.php?rest_route=%2Fwp%2Fv2%2Fmedia&parent=29483"}],"wp:term":[{"taxonomy":"category","embeddable":true,"href":"https:\/\/www.yungayino.cl\/noticias\/index.php?rest_route=%2Fwp%2Fv2%2Fcategories&post=29483"},{"taxonomy":"post_tag","embeddable":true,"href":"https:\/\/www.yungayino.cl\/noticias\/index.php?rest_route=%2Fwp%2Fv2%2Ftags&post=29483"}],"curies":[{"name":"wp","href":"https:\/\/api.w.org\/{rel}","templated":true}]}}