{"id":2951,"date":"2010-01-30T13:00:21","date_gmt":"2010-01-30T17:00:21","guid":{"rendered":"http:\/\/www.yungayino.cl\/noticias\/?p=2951"},"modified":"2010-02-03T15:07:07","modified_gmt":"2010-02-03T19:07:07","slug":"segunda-feria-costumbrista-en-pemuco","status":"publish","type":"post","link":"https:\/\/www.yungayino.cl\/noticias\/?p=2951","title":{"rendered":"Segunda Feria Costumbrista en Pemuco"},"content":{"rendered":"<p><img decoding=\"async\" src=\"http:\/\/www.yungayino.cl\/imagenes\/feriacostumbristapemuco2010.jpg\" alt=\"Segunda Feria Costumbrista en Pemuco \" \/><\/p>\n<p align=\"justify\"><font size=\"2\">Con gran \u00e9xito se realizo la Segunda Feria Costumbrista de Artesan\u00eda y Folklore en Pemuco, la cu\u00e1l se llevo a cabo desde el mi\u00e9rcoles 27 al s\u00e1bado 30 de Enero de presente a\u00f1o, en la plaza de Armas de esta comuna. La feria cumpli\u00f3 con el objetivo de promover un mayor intercambio cultural entre los artesanos y la comunidad, tambi\u00e9n de apoyar a las diversas manifestaciones folkl\u00f3ricas y fomentar la participaci\u00f3n familiar de la comunidad, adem\u00e1s de crear un espacio de promoci\u00f3n para los nuevos proyectos de los artesanos. Tambi\u00e9n se realizaron diariamente actividades con n\u00fameros art\u00edsticos para que los Pemucanos y turistas se entretuvieran. Los artistas invitamos a la inauguraci\u00f3n de esta feria fueron  El Cata Salinas; cantautor de Pemuco acompa\u00f1ado por dos guitarristas, Cristian Leiva; charanguista profesional de los \u00c1ngeles y Sexual Democracia; banda junto a su vocalista Miguel Barriga la velada se extendi\u00f3 hasta las 23:30 con un gran marco de publico.<br \/>\n<a href=\"http:\/\/www.yungayino.cl\/noticias\/?p=2951#comments\">Comente Aqu\u00ed<\/a><br \/>\n<a href=\"http:\/\/www.flickr.com\/photos\/47190259@N05\/tags\/feriacostumbristapemuco2010\/\">Fotograf\u00edas<\/a><\/font><\/p>\n","protected":false},"excerpt":{"rendered":"<p>Con gran \u00e9xito se realizo la Segunda Feria Costumbrista de Artesan\u00eda y Folklore en Pemuco, la cu\u00e1l se llevo a cabo desde el mi\u00e9rcoles 27 al s\u00e1bado 30 de Enero de presente a\u00f1o, en&#46;&#46;&#46;<\/p>\n","protected":false},"author":2,"featured_media":15228,"comment_status":"open","ping_status":"open","sticky":false,"template":"","format":"standard","meta":{"footnotes":""},"categories":[1],"tags":[155,1115,30,6],"class_list":["post-2951","post","type-post","status-publish","format-standard","has-post-thumbnail","hentry","category-noticias","tag-feria-costumbrista-pemuco-2010","tag-noticias","tag-pemuco","tag-yungayino"],"_links":{"self":[{"href":"https:\/\/www.yungayino.cl\/noticias\/index.php?rest_route=\/wp\/v2\/posts\/2951","targetHints":{"allow":["GET"]}}],"collection":[{"href":"https:\/\/www.yungayino.cl\/noticias\/index.php?rest_route=\/wp\/v2\/posts"}],"about":[{"href":"https:\/\/www.yungayino.cl\/noticias\/index.php?rest_route=\/wp\/v2\/types\/post"}],"author":[{"embeddable":true,"href":"https:\/\/www.yungayino.cl\/noticias\/index.php?rest_route=\/wp\/v2\/users\/2"}],"replies":[{"embeddable":true,"href":"https:\/\/www.yungayino.cl\/noticias\/index.php?rest_route=%2Fwp%2Fv2%2Fcomments&post=2951"}],"version-history":[{"count":12,"href":"https:\/\/www.yungayino.cl\/noticias\/index.php?rest_route=\/wp\/v2\/posts\/2951\/revisions"}],"predecessor-version":[{"id":2967,"href":"https:\/\/www.yungayino.cl\/noticias\/index.php?rest_route=\/wp\/v2\/posts\/2951\/revisions\/2967"}],"wp:featuredmedia":[{"embeddable":true,"href":"https:\/\/www.yungayino.cl\/noticias\/index.php?rest_route=\/wp\/v2\/media\/15228"}],"wp:attachment":[{"href":"https:\/\/www.yungayino.cl\/noticias\/index.php?rest_route=%2Fwp%2Fv2%2Fmedia&parent=2951"}],"wp:term":[{"taxonomy":"category","embeddable":true,"href":"https:\/\/www.yungayino.cl\/noticias\/index.php?rest_route=%2Fwp%2Fv2%2Fcategories&post=2951"},{"taxonomy":"post_tag","embeddable":true,"href":"https:\/\/www.yungayino.cl\/noticias\/index.php?rest_route=%2Fwp%2Fv2%2Ftags&post=2951"}],"curies":[{"name":"wp","href":"https:\/\/api.w.org\/{rel}","templated":true}]}}