{"id":29518,"date":"2023-09-07T19:30:47","date_gmt":"2023-09-07T23:30:47","guid":{"rendered":"http:\/\/www.yungayino.cl\/noticias\/?p=29518"},"modified":"2023-09-07T20:00:39","modified_gmt":"2023-09-08T00:00:39","slug":"municipalidad-de-yungay-y-gendarmeria-firman-ampliacion-de-comodato-por-30-anos-para-funcionamiento-del-cet-en-yungay","status":"publish","type":"post","link":"https:\/\/www.yungayino.cl\/noticias\/?p=29518","title":{"rendered":"Municipalidad De Yungay Y Gendarmer\u00eda Firman Ampliaci\u00f3n De Comodato Por 30 A\u00f1os Para Funcionamiento Del CET En Yungay"},"content":{"rendered":"<p><img loading=\"lazy\" decoding=\"async\" class=\"alignnone wp-image-29519 size-full\" src=\"http:\/\/www.yungayino.cl\/noticias\/wp-content\/uploads\/2023\/09\/portada-4.jpg\" alt=\"\" width=\"700\" height=\"350\" srcset=\"https:\/\/www.yungayino.cl\/noticias\/wp-content\/uploads\/2023\/09\/portada-4.jpg 700w, https:\/\/www.yungayino.cl\/noticias\/wp-content\/uploads\/2023\/09\/portada-4-300x150.jpg 300w\" sizes=\"auto, (max-width: 700px) 100vw, 700px\" \/><\/p>\n<p style=\"text-align: justify;\">Yungay, septiembre 2023: La Ilustre Municipalidad de Yungay, representada por su alcalde, Rafael Cifuentes Rodr\u00edguez y el Concejo Municipal extendieron un comodato por 30 a\u00f1os a Gendarmer\u00eda de Chile por el terreno ubicado en el kil\u00f3metro 4 en el Sector El Cardal, y que abarca 19,7 hect\u00e1reas lo que permitir\u00e1 ampliar el funcionamiento del Centro de Educaci\u00f3n y Trabajo de Gendarmer\u00eda en la Regi\u00f3n de \u00d1uble, todo en el marco de contribuci\u00f3n y compromiso con la reinserci\u00f3n social.<\/p>\n<p style=\"text-align: justify;\">La ceremonia de firma del convenio se llev\u00f3 a cabo en un acto simb\u00f3lico que cont\u00f3 con la presencia del Director Regional de \u00d1uble de Gendarmer\u00eda, el Coronel Juan Navarrete Gamboa, quien destac\u00f3 a los presentes sus agradecimientos por la asistencia a esta ceremonia de firma de convenio y por el compromiso de la reinserci\u00f3n social con las personas privadas de libertad en la sociedad, adem\u00e1s del compromiso de gendarmer\u00eda con la seguridad p\u00fablica.<\/p>\n<p style=\"text-align: justify;\">Se\u00f1alar que el Centro de Educaci\u00f3n y Trabajo de Gendarmer\u00eda es una instituci\u00f3n fundamental para el proceso de reinserci\u00f3n de quienes han cometido delitos, ya que ofrece programas de educaci\u00f3n, formaci\u00f3n laboral y actividades de capacitaci\u00f3n que buscan preparar a los internos para una futura vida fuera de prisi\u00f3n. La extensi\u00f3n de este centro en Yungay permitir\u00e1 aumentar la capacidad de atenci\u00f3n y brindar m\u00e1s oportunidades a quienes buscan reinsertarse en la sociedad de manera efectiva.<\/p>\n<p style=\"text-align: justify;\">Por su parte el alcalde Rafael Cifuentes Rodr\u00edguez, destac\u00f3 que la Ilustre Municipalidad de Yungay se enorgullece de ser parte de este esfuerzo conjunto con Gendarmer\u00eda, fortaleciendo as\u00ed su compromiso con la comunidad y su firme creencia en la rehabilitaci\u00f3n como una v\u00eda para construir un futuro mejor. La extensi\u00f3n del comodato por 30 a\u00f1os refleja la voluntad de ambas partes de trabajar juntas en beneficio de la comunidad y de aquellos que buscan una segunda oportunidad en la vida.<\/p>\n<p style=\"text-align: justify;\">Destacar que en la ocasi\u00f3n tambi\u00e9n se llev\u00f3 a cabo la firma de un segundo convenio con la Empresa WOF CHILE, expertos en capacitaci\u00f3n y combate de incendios forestales representada por su Gerente Sr. Gonzalo Mu\u00f1oz P\u00e9rez y Gendarmer\u00eda de Chile.<\/p>\n<p style=\"text-align: justify;\">Dicho convenio contempla entregar a las personas seleccionadas que cumplen condena del CET de Yungay, los conocimientos t\u00e9cnicos con certificaci\u00f3n, lo que les permitir\u00e1 su contrataci\u00f3n en la empresa a su egreso, entregando y recibiendo herramientas para su efectivo reintegro a la sociedad, generando la superaci\u00f3n personal y el apoyo a sus familias.<\/p>\n<p style=\"text-align: justify;\">Finalmente Gendarmer\u00eda tambi\u00e9n destac\u00f3 el apoyo de la Empresa Privada agradeciendo la asistencia del Sr. Marcelo Cifuentes, Gerente de Planta Trup\u00e1n Cholgu\u00e1n, ARAUCO, Sr. Pablo Benavidez, Empresa CMPC, Srta. Claudia C\u00e1rtes, Antay, Sra. Sandra Sep\u00falveda Mart\u00ednez, Notaria P\u00fablica , Representante de Carabineros, adem\u00e1s del Jefe del Centro de Educaci\u00f3n y Trabajo Yungay, Teniente Nicol\u00e1s Z\u00fa\u00f1iga, Representantes Gremiales y Funcionarios (as) de Gendarmer\u00edas, adem\u00e1s de Internos pertenecientes al CET DE Yungay.<\/p>\n<p>&nbsp;<\/p>\n<p style=\"text-align: center;\"><strong>FOTOGRAF\u00cdAS<\/strong><\/p>\n<p style=\"text-align: center;\"><strong><iframe loading=\"lazy\" src=\"https:\/\/www.facebook.com\/plugins\/post.php?href=https%3A%2F%2Fwww.facebook.com%2Fyungayino.cl%2Fposts%2Fpfbid02a4BRBUsDRx9eELzg5n7tYhRVFLRCwihNQE1q5sE5joKo7E3MyQYHsNSzd3jMFoLFl&#038;show_text=true&#038;width=500\" width=\"500\" height=\"831\" style=\"border:none;overflow:hidden\" scrolling=\"no\" frameborder=\"0\" allowfullscreen=\"true\" allow=\"autoplay; clipboard-write; encrypted-media; picture-in-picture; web-share\"><\/iframe><\/strong><\/p>\n","protected":false},"excerpt":{"rendered":"<p>Yungay, septiembre 2023: La Ilustre Municipalidad de Yungay, representada por su alcalde, Rafael Cifuentes Rodr\u00edguez y el Concejo Municipal extendieron un comodato por 30 a\u00f1os a Gendarmer\u00eda de Chile por el terreno ubicado en&#46;&#46;&#46;<\/p>\n","protected":false},"author":2,"featured_media":29519,"comment_status":"closed","ping_status":"closed","sticky":false,"template":"","format":"standard","meta":{"footnotes":""},"categories":[1],"tags":[806,361,1115,8,6,117],"class_list":["post-29518","post","type-post","status-publish","format-standard","has-post-thumbnail","hentry","category-noticias","tag-cet","tag-gendarmeria","tag-noticias","tag-yungay","tag-yungayino","tag-yungayinocl"],"_links":{"self":[{"href":"https:\/\/www.yungayino.cl\/noticias\/index.php?rest_route=\/wp\/v2\/posts\/29518","targetHints":{"allow":["GET"]}}],"collection":[{"href":"https:\/\/www.yungayino.cl\/noticias\/index.php?rest_route=\/wp\/v2\/posts"}],"about":[{"href":"https:\/\/www.yungayino.cl\/noticias\/index.php?rest_route=\/wp\/v2\/types\/post"}],"author":[{"embeddable":true,"href":"https:\/\/www.yungayino.cl\/noticias\/index.php?rest_route=\/wp\/v2\/users\/2"}],"replies":[{"embeddable":true,"href":"https:\/\/www.yungayino.cl\/noticias\/index.php?rest_route=%2Fwp%2Fv2%2Fcomments&post=29518"}],"version-history":[{"count":4,"href":"https:\/\/www.yungayino.cl\/noticias\/index.php?rest_route=\/wp\/v2\/posts\/29518\/revisions"}],"predecessor-version":[{"id":29523,"href":"https:\/\/www.yungayino.cl\/noticias\/index.php?rest_route=\/wp\/v2\/posts\/29518\/revisions\/29523"}],"wp:featuredmedia":[{"embeddable":true,"href":"https:\/\/www.yungayino.cl\/noticias\/index.php?rest_route=\/wp\/v2\/media\/29519"}],"wp:attachment":[{"href":"https:\/\/www.yungayino.cl\/noticias\/index.php?rest_route=%2Fwp%2Fv2%2Fmedia&parent=29518"}],"wp:term":[{"taxonomy":"category","embeddable":true,"href":"https:\/\/www.yungayino.cl\/noticias\/index.php?rest_route=%2Fwp%2Fv2%2Fcategories&post=29518"},{"taxonomy":"post_tag","embeddable":true,"href":"https:\/\/www.yungayino.cl\/noticias\/index.php?rest_route=%2Fwp%2Fv2%2Ftags&post=29518"}],"curies":[{"name":"wp","href":"https:\/\/api.w.org\/{rel}","templated":true}]}}