{"id":29531,"date":"2023-09-09T10:00:25","date_gmt":"2023-09-09T14:00:25","guid":{"rendered":"http:\/\/www.yungayino.cl\/noticias\/?p=29531"},"modified":"2023-09-09T16:05:17","modified_gmt":"2023-09-09T20:05:17","slug":"municipalidad-de-yungay-celebro-chao-agosto-con-adultos-mayores-2","status":"publish","type":"post","link":"https:\/\/www.yungayino.cl\/noticias\/?p=29531","title":{"rendered":"Municipalidad De Yungay Celebr\u00f3 \u201cChao Agosto\u201d Con Adultos Mayores"},"content":{"rendered":"<p><img loading=\"lazy\" decoding=\"async\" class=\"alignnone wp-image-29532 size-full\" src=\"http:\/\/www.yungayino.cl\/noticias\/wp-content\/uploads\/2023\/09\/portada-6.jpg\" alt=\"\" width=\"700\" height=\"350\" srcset=\"https:\/\/www.yungayino.cl\/noticias\/wp-content\/uploads\/2023\/09\/portada-6.jpg 700w, https:\/\/www.yungayino.cl\/noticias\/wp-content\/uploads\/2023\/09\/portada-6-300x150.jpg 300w\" sizes=\"auto, (max-width: 700px) 100vw, 700px\" \/><\/p>\n<p style=\"text-align: justify;\">Yungay, septiembre 2023: Cientos de Adultos Mayores celebraron con gran energ\u00eda, alegr\u00eda y entusiasmo la actividad \u201cChao Agosto 2023\u201d, organizada con mucho cari\u00f1o por todos los profesionales del Departamento de DIDECO, oportunidad tambi\u00e9n en la que el alcalde Rafael Cifuentes Rodr\u00edguez saludo y les reiter\u00f3 la importancia que cada adulto mayor tiene para nuestra comuna, adem\u00e1s mencionar que tambi\u00e9n estuvieron presentes los Concejales, la Coordinadora Regional de SENAMA \u00d1uble y el Diputado Felipe Cama\u00f1o.<\/p>\n<p style=\"text-align: justify;\">Se\u00f1alar que Pasar Agosto es un dicho popular utilizado en Chile que alude a los casos en que las personas y en especial los adultos mayores logran vencer el invierno, y sumar as\u00ed un a\u00f1o m\u00e1s de vida. Cada a\u00f1o, durante los primeros d\u00edas del mes de septiembre, miles de adultos mayores a lo largo de todo el pa\u00eds festeja haber \u201cPasado Agosto\u201d.<\/p>\n<p style=\"text-align: justify;\">La jornada que se llev\u00f3 a cabo en el Gimnasio Multiuso a partir de las 15:30 horas, donde se inici\u00f3 con la llegada de los adultos mayores provenientes de diferentes sectores de la comuna, y fueron recibidos por los funcionarios, quienes hicieron entrega de cotillones para que luego todos compartieran el tradicional \u201cMate\u201d acompa\u00f1ado de dulces, sopaipillas, calzones rotos, tortilla, etc., adem\u00e1s de participar activamente del show art\u00edstico preparado especialmente para ellos.<\/p>\n<p style=\"text-align: justify;\">Mencionar que el evento cont\u00f3 con la animaci\u00f3n de la Sra. Yeanette Navarrete y el sonido a cargo de Mathieu Producciones y en la parte art\u00edstica el yungayino Lu\u00eds San Mart\u00edn \u201cEl Charro de Yungay\u201d, fue quien interpret\u00f3 y core\u00f3 junto a los asistentes conocidas canciones rancheras y finalmente la jornada la cerr\u00f3 el Grupo Estruendo Ranchero, quienes hicieron bailar a los presentes con su alegre ritmo.<\/p>\n<p>&nbsp;<\/p>\n<p style=\"text-align: center;\">FOTOGRAF\u00cdAS<\/p>\n<p style=\"text-align: center;\"><iframe loading=\"lazy\" style=\"border: none; overflow: hidden;\" src=\"https:\/\/www.facebook.com\/plugins\/post.php?href=https%3A%2F%2Fwww.facebook.com%2Fyungayino.cl%2Fposts%2Fpfbid0KBy8H7Qu4gxNVNFeVmNhGSXU7x3sc2J5TWpCiXun3fS7ami2fkWPB5JPEUAAofACl&amp;show_text=true&amp;width=500\" width=\"500\" height=\"837\" frameborder=\"0\" scrolling=\"no\" allowfullscreen=\"allowfullscreen\"><\/iframe><\/p>\n","protected":false},"excerpt":{"rendered":"<p>Yungay, septiembre 2023: Cientos de Adultos Mayores celebraron con gran energ\u00eda, alegr\u00eda y entusiasmo la actividad \u201cChao Agosto 2023\u201d, organizada con mucho cari\u00f1o por todos los profesionales del Departamento de DIDECO, oportunidad tambi\u00e9n en&#46;&#46;&#46;<\/p>\n","protected":false},"author":2,"featured_media":29532,"comment_status":"closed","ping_status":"closed","sticky":false,"template":"","format":"standard","meta":{"footnotes":""},"categories":[1],"tags":[748,1115,8,6,117],"class_list":["post-29531","post","type-post","status-publish","format-standard","has-post-thumbnail","hentry","category-noticias","tag-chao-agosto","tag-noticias","tag-yungay","tag-yungayino","tag-yungayinocl"],"_links":{"self":[{"href":"https:\/\/www.yungayino.cl\/noticias\/index.php?rest_route=\/wp\/v2\/posts\/29531","targetHints":{"allow":["GET"]}}],"collection":[{"href":"https:\/\/www.yungayino.cl\/noticias\/index.php?rest_route=\/wp\/v2\/posts"}],"about":[{"href":"https:\/\/www.yungayino.cl\/noticias\/index.php?rest_route=\/wp\/v2\/types\/post"}],"author":[{"embeddable":true,"href":"https:\/\/www.yungayino.cl\/noticias\/index.php?rest_route=\/wp\/v2\/users\/2"}],"replies":[{"embeddable":true,"href":"https:\/\/www.yungayino.cl\/noticias\/index.php?rest_route=%2Fwp%2Fv2%2Fcomments&post=29531"}],"version-history":[{"count":5,"href":"https:\/\/www.yungayino.cl\/noticias\/index.php?rest_route=\/wp\/v2\/posts\/29531\/revisions"}],"predecessor-version":[{"id":29537,"href":"https:\/\/www.yungayino.cl\/noticias\/index.php?rest_route=\/wp\/v2\/posts\/29531\/revisions\/29537"}],"wp:featuredmedia":[{"embeddable":true,"href":"https:\/\/www.yungayino.cl\/noticias\/index.php?rest_route=\/wp\/v2\/media\/29532"}],"wp:attachment":[{"href":"https:\/\/www.yungayino.cl\/noticias\/index.php?rest_route=%2Fwp%2Fv2%2Fmedia&parent=29531"}],"wp:term":[{"taxonomy":"category","embeddable":true,"href":"https:\/\/www.yungayino.cl\/noticias\/index.php?rest_route=%2Fwp%2Fv2%2Fcategories&post=29531"},{"taxonomy":"post_tag","embeddable":true,"href":"https:\/\/www.yungayino.cl\/noticias\/index.php?rest_route=%2Fwp%2Fv2%2Ftags&post=29531"}],"curies":[{"name":"wp","href":"https:\/\/api.w.org\/{rel}","templated":true}]}}