{"id":29538,"date":"2023-09-09T18:00:46","date_gmt":"2023-09-09T22:00:46","guid":{"rendered":"http:\/\/www.yungayino.cl\/noticias\/?p=29538"},"modified":"2023-09-09T21:00:18","modified_gmt":"2023-09-10T01:00:18","slug":"colegio-cholguan-realizo-muestra-folclorica-2023","status":"publish","type":"post","link":"https:\/\/www.yungayino.cl\/noticias\/?p=29538","title":{"rendered":"Colegio Cholgu\u00e1n Realiz\u00f3 Muestra Folcl\u00f3rica 2023"},"content":{"rendered":"<p><img loading=\"lazy\" decoding=\"async\" class=\"alignnone wp-image-29539 size-full\" src=\"http:\/\/www.yungayino.cl\/noticias\/wp-content\/uploads\/2023\/09\/portada-7.jpg\" alt=\"\" width=\"700\" height=\"350\" srcset=\"https:\/\/www.yungayino.cl\/noticias\/wp-content\/uploads\/2023\/09\/portada-7.jpg 700w, https:\/\/www.yungayino.cl\/noticias\/wp-content\/uploads\/2023\/09\/portada-7-300x150.jpg 300w\" sizes=\"auto, (max-width: 700px) 100vw, 700px\" \/><\/p>\n<p style=\"text-align: justify;\">Cholgu\u00e1n, septiembre 2023: En las dependencias del Gimnasio del Colegio Cholgu\u00e1n se llev\u00f3 a cabo la tradicional muestra folcl\u00f3rica con motivo de fiestas patrias, cuya actividad estuvo liderada por su Director Sr. Luis Rubilar, junto a Profesores, Asistentes y todo el equipo de trabajo del establecimiento educacional.<\/p>\n<p style=\"text-align: justify;\">La muestra contemplo un recorrido por la Zona Norte, Zona Centro y Zona Sur, de nuestro Pa\u00eds, donde los alumnos (as) de Prekinder a cuarto medio se destacaron con las hermosas coreograf\u00edas, adem\u00e1s de los hermosos trajes t\u00edpicos de cada zona.<\/p>\n<p style=\"text-align: justify;\">Finalmente destacar el compromiso de todos quienes hicieron posible que esta tradicional actividad se llevara a cabo como profesores, encargados de academias, asistentes, apoderados y alumnos (as).<\/p>\n<p>&nbsp;<\/p>\n<p style=\"text-align: center;\">FOTOGRAF\u00cdAS<\/p>\n<p style=\"text-align: center;\"><iframe loading=\"lazy\" style=\"border: none; overflow: hidden;\" src=\"https:\/\/www.facebook.com\/plugins\/post.php?href=https%3A%2F%2Fwww.facebook.com%2Fyungayino.cl%2Fposts%2Fpfbid03258whSxYESrqfcTntymoaxp8EiK5H72LEN8ZpxVj4NYuDRgG3yH2eHCifuSoHV4bl&amp;show_text=true&amp;width=500\" width=\"500\" height=\"828\" frameborder=\"0\" scrolling=\"no\" allowfullscreen=\"allowfullscreen\"><\/iframe><\/p>\n","protected":false},"excerpt":{"rendered":"<p>Cholgu\u00e1n, septiembre 2023: En las dependencias del Gimnasio del Colegio Cholgu\u00e1n se llev\u00f3 a cabo la tradicional muestra folcl\u00f3rica con motivo de fiestas patrias, cuya actividad estuvo liderada por su Director Sr. Luis Rubilar,&#46;&#46;&#46;<\/p>\n","protected":false},"author":2,"featured_media":29539,"comment_status":"closed","ping_status":"closed","sticky":false,"template":"","format":"standard","meta":{"footnotes":""},"categories":[1493,2571,1],"tags":[35,87,414,1115,8,6,117],"class_list":["post-29538","post","type-post","status-publish","format-standard","has-post-thumbnail","hentry","category-educacion","category-educacion-2","category-noticias","tag-cholguan","tag-colegio-cholguan","tag-muestra-folclorica","tag-noticias","tag-yungay","tag-yungayino","tag-yungayinocl"],"_links":{"self":[{"href":"https:\/\/www.yungayino.cl\/noticias\/index.php?rest_route=\/wp\/v2\/posts\/29538","targetHints":{"allow":["GET"]}}],"collection":[{"href":"https:\/\/www.yungayino.cl\/noticias\/index.php?rest_route=\/wp\/v2\/posts"}],"about":[{"href":"https:\/\/www.yungayino.cl\/noticias\/index.php?rest_route=\/wp\/v2\/types\/post"}],"author":[{"embeddable":true,"href":"https:\/\/www.yungayino.cl\/noticias\/index.php?rest_route=\/wp\/v2\/users\/2"}],"replies":[{"embeddable":true,"href":"https:\/\/www.yungayino.cl\/noticias\/index.php?rest_route=%2Fwp%2Fv2%2Fcomments&post=29538"}],"version-history":[{"count":5,"href":"https:\/\/www.yungayino.cl\/noticias\/index.php?rest_route=\/wp\/v2\/posts\/29538\/revisions"}],"predecessor-version":[{"id":29545,"href":"https:\/\/www.yungayino.cl\/noticias\/index.php?rest_route=\/wp\/v2\/posts\/29538\/revisions\/29545"}],"wp:featuredmedia":[{"embeddable":true,"href":"https:\/\/www.yungayino.cl\/noticias\/index.php?rest_route=\/wp\/v2\/media\/29539"}],"wp:attachment":[{"href":"https:\/\/www.yungayino.cl\/noticias\/index.php?rest_route=%2Fwp%2Fv2%2Fmedia&parent=29538"}],"wp:term":[{"taxonomy":"category","embeddable":true,"href":"https:\/\/www.yungayino.cl\/noticias\/index.php?rest_route=%2Fwp%2Fv2%2Fcategories&post=29538"},{"taxonomy":"post_tag","embeddable":true,"href":"https:\/\/www.yungayino.cl\/noticias\/index.php?rest_route=%2Fwp%2Fv2%2Ftags&post=29538"}],"curies":[{"name":"wp","href":"https:\/\/api.w.org\/{rel}","templated":true}]}}