{"id":29546,"date":"2023-09-11T18:00:12","date_gmt":"2023-09-11T22:00:12","guid":{"rendered":"http:\/\/www.yungayino.cl\/noticias\/?p=29546"},"modified":"2023-09-11T20:19:46","modified_gmt":"2023-09-12T00:19:46","slug":"124-familias-del-comite-villa-yungay-recibieron-sus-viviendas","status":"publish","type":"post","link":"https:\/\/www.yungayino.cl\/noticias\/?p=29546","title":{"rendered":"124 Familias Del \u201cComit\u00e9 Villa Yungay\u201d Recibieron Sus Viviendas"},"content":{"rendered":"<p><img loading=\"lazy\" decoding=\"async\" class=\"alignnone wp-image-29547 size-full\" src=\"http:\/\/www.yungayino.cl\/noticias\/wp-content\/uploads\/2023\/09\/portada-8.jpg\" alt=\"\" width=\"700\" height=\"350\" srcset=\"https:\/\/www.yungayino.cl\/noticias\/wp-content\/uploads\/2023\/09\/portada-8.jpg 700w, https:\/\/www.yungayino.cl\/noticias\/wp-content\/uploads\/2023\/09\/portada-8-300x150.jpg 300w\" sizes=\"auto, (max-width: 700px) 100vw, 700px\" \/><\/p>\n<p style=\"text-align: justify;\">Yungay, septiembre 2023: Con alegr\u00eda y mucha emoci\u00f3n, 124 Familias de Yungay del \u201cComit\u00e9 Villa Yungay\u201d, cumplieron el sue\u00f1o de la casa propia al recibir las llaves de sus nuevas viviendas como parte del proyecto, dependiente del Fondo Solidario de Elecci\u00f3n de Viviendas DS-49 del Ministerio de Vivienda y Urbanismo, las que est\u00e1n conformadas por casas pareadas de 2 pisos que van entre los 49 y 62 m<sup>2<\/sup>, dependiendo de las condiciones de los beneficiados, tanto para personas con discapacidad de movilidad reducida, no reducida y tambi\u00e9n casas est\u00e1ndar que cuentan con 3 dormitorios, living -comedor, ba\u00f1o, patio y estacionamiento, adem\u00e1s el conjunto cuenta con plaza de juegos para ni\u00f1os (as), extensas \u00e1reas verdes, calles pavimentadas e iluminaci\u00f3n, adem\u00e1s de una sede comunitaria todo emplazado en el Sector de Mariano Ega\u00f1a.<\/p>\n<p style=\"text-align: justify;\">La Ceremonia de inauguraci\u00f3n estuvo encabezada por el alcalde Rafael Cifuentes Rodr\u00edguez y cont\u00f3 con la presencia del Gobernador, \u00d3scar Cris\u00f3stomo Llanos, el Seremi de Vivienda, Antonio Marchant, el Director Regional de SERVIU, Roberto Grand\u00f3n, el Diputado<strong>, <\/strong>Felipe Cama\u00f1o, Concejales Patricia Moncada, Gonzalo Rojas, Berta Cid, Julio N\u00fa\u00f1ez, Fernando Cabezas y Ricardo Ramos, el Presidente del \u201cComit\u00e9 Villa Yungay\u201d, H\u00e9ctor Salinas, adem\u00e1s de Autoridades Locales, Invitados Especiales, Vecinos y Vecinas.<\/p>\n<p style=\"text-align: justify;\">Gobernador <strong>\u00d3scar Cris\u00f3stomo, <\/strong>se\u00f1al\u00f3 \u201ccomo muy simb\u00f3lica esta jornada ya que es el fruto de esfuerzo de 124 familias, don H\u00e9ctor Salinas su presidente, el alcalde Rafael Cifuentes, el ministerio de vivienda y todos los que de una u otra manera pudieron aportar para que esto se pudiera concretar, sin lugar a duda que esto adem\u00e1s permite que las personas puedan tener mayor seguridad, tranquilidad y puedan proyectarse en el futuro en la comuna de Yungay, adem\u00e1s el alcalde ha hecho un esfuerzo muy importante ya que cerca de 740 viviendas que se van a comenzar a entregar, donde hay 3 villas con subsidios otorgados y en un par de semanas m\u00e1s se inaugurar\u00e1 un nuevo proyecto, adem\u00e1s pr\u00f3ximamente se comenzar\u00e1 tambi\u00e9n en Campanario, en fin hay un gran esfuerzo que se est\u00e1 haciendo entre todos para mejorar las condiciones de vida de las personas.\u201d<\/p>\n<p style=\"text-align: justify;\">Por su parte el alcalde <strong>Rafael Cifuentes<\/strong>,\u201d destac\u00f3 sentirse con mucha alegr\u00eda de haber cumplido con la entrega de estas 124 viviendas, cost\u00f3 pero se logr\u00f3, por eso no hay plazo que no se cumpla y deuda que no se pague, yo creo que es merecida la entrega de estas viviendas a las 124 familias ya que por muchos a\u00f1os estuvieron esperando la soluci\u00f3n habitacional, que logro m\u00e1s grande que tener su casa propia, d\u00f3nde nadie lo podr\u00e1 sacar y por parte del municipio muy contento por el trabajo que se ha hecho como equipo, hay muchas voluntades que se unieron a esto, aqu\u00ed hay gobierno central, regional, delegaci\u00f3n provincial, municipalidad, equipos t\u00e9cnicos es por eso que estamos muy agradecidos de todo lo que se hizo, porque esta es la primera etapa de muchas viviendas m\u00e1s, luego en el mes de octubre se estar\u00e1n inaugurando 128 viviendas m\u00e1s de la misma categor\u00eda, y despu\u00e9s empezamos con las construcci\u00f3n de 248 m\u00e1s aqu\u00ed al lado y 240 m\u00e1s en Campanario, con el inicio de la primera piedra, as\u00ed que muy contento y agradecer a todos tanto a este gobierno como al anterior, porque tambi\u00e9n recibimos beneficios como subsidios el 2018, la compra de terrenos el 2019, as\u00ed que finalmente muy satisfecho con lo que hemos logrado trabajando con voluntad, responsabilidad y compromiso con toda la comunidad.\u201d<\/p>\n<p style=\"text-align: justify;\">En tanto<strong> Antonio Marchant<\/strong>, Seremi de Vivienda expres\u00f3 su satisfacci\u00f3n por haber contribuido a hacer realidad los sue\u00f1os de las familias y destac\u00f3 la dedicaci\u00f3n que se requiri\u00f3 para llevar a cabo este gran proyecto, destac\u00f3 el esfuerzo de los dirigentes y agradeci\u00f3 la insistencia del alcalde Rafael Cifuentes y destac\u00f3 el trabajo del equipo municipal y regional, y el compromiso del Ministerio de Vivienda y el Gobierno por apoyar a cumplir el sue\u00f1o de la casa propia.<\/p>\n<p style=\"text-align: justify;\"><strong>H\u00e9ctor Salinas, <\/strong>Presidente del Comit\u00e9 Villa Yungay, indic\u00f3 estar muy feliz de recibir las llaves de nuestras casas, feliz por todas las familias que tuvieron esa paciencia para poder conseguir este sue\u00f1o, ya que tuvieron muchos contratiempos en el camino pero afortunadamente hoy se concret\u00f3 el sue\u00f1o de muchas familias, por su parte sus hijas <strong>Romina<\/strong> y <strong>Katherine Salinas <\/strong>se\u00f1alaron al Equipo del Portal Yungayino.cl sentirse muy felices y afortunada de tener un gran papa y dirigente, ya que lucho por m\u00e1s de 20 a\u00f1os, y nunca se rindi\u00f3 por el sue\u00f1o de la casa propia lo que es un orgullo para ellas.<\/p>\n<p style=\"text-align: justify;\"><strong>Roberto Grand\u00f3n,<\/strong> Director Regional de SERVIU expreso, \u201cque lo m\u00e1s importante para nosotros como SERVIU, es la entrega de estas viviendas, donde 124 familias cumplen su sue\u00f1o de la casa propia y que aporta al gran mandato que nos dio el presidente y ministro que es atender el d\u00e9ficit habitacional, donde hoy tenemos un d\u00e9ficit de 650 mil viviendas, las cuales nosotros como ministerio de vivienda nos comprometimos a 260 mil, y este es parte de eso, Yungay es una de las comunas donde m\u00e1s proyectos vamos a entregar\u201d.<\/p>\n<p style=\"text-align: justify;\">Finalmente la ceremonia termino con la entrega de las llaves a cada vecino, adem\u00e1s de un coctel de celebraci\u00f3n para todos los presentes.<\/p>\n<p>&nbsp;<\/p>\n<p style=\"text-align: center;\">FOTOGRAF\u00cdAS<\/p>\n<p style=\"text-align: center;\"><iframe loading=\"lazy\" style=\"border: none; overflow: hidden;\" src=\"https:\/\/www.facebook.com\/plugins\/post.php?href=https%3A%2F%2Fwww.facebook.com%2Fyungayino.cl%2Fposts%2Fpfbid0fc2UPNoooXZmoNBC7fBLHydTNgD3NnkDbDnnXx5gHapy5gWsE2i47wxyR8s4Lqq3l&amp;show_text=true&amp;width=500\" width=\"500\" height=\"816\" frameborder=\"0\" scrolling=\"no\" allowfullscreen=\"allowfullscreen\"><\/iframe><\/p>\n","protected":false},"excerpt":{"rendered":"<p>Yungay, septiembre 2023: Con alegr\u00eda y mucha emoci\u00f3n, 124 Familias de Yungay del \u201cComit\u00e9 Villa Yungay\u201d, cumplieron el sue\u00f1o de la casa propia al recibir las llaves de sus nuevas viviendas como parte del&#46;&#46;&#46;<\/p>\n","protected":false},"author":2,"featured_media":29547,"comment_status":"closed","ping_status":"closed","sticky":false,"template":"","format":"standard","meta":{"footnotes":""},"categories":[1],"tags":[2939,1115,2060,1726,8,6,117],"class_list":["post-29546","post","type-post","status-publish","format-standard","has-post-thumbnail","hentry","category-noticias","tag-124-familias","tag-noticias","tag-villa-yungay","tag-viviendas","tag-yungay","tag-yungayino","tag-yungayinocl"],"_links":{"self":[{"href":"https:\/\/www.yungayino.cl\/noticias\/index.php?rest_route=\/wp\/v2\/posts\/29546","targetHints":{"allow":["GET"]}}],"collection":[{"href":"https:\/\/www.yungayino.cl\/noticias\/index.php?rest_route=\/wp\/v2\/posts"}],"about":[{"href":"https:\/\/www.yungayino.cl\/noticias\/index.php?rest_route=\/wp\/v2\/types\/post"}],"author":[{"embeddable":true,"href":"https:\/\/www.yungayino.cl\/noticias\/index.php?rest_route=\/wp\/v2\/users\/2"}],"replies":[{"embeddable":true,"href":"https:\/\/www.yungayino.cl\/noticias\/index.php?rest_route=%2Fwp%2Fv2%2Fcomments&post=29546"}],"version-history":[{"count":4,"href":"https:\/\/www.yungayino.cl\/noticias\/index.php?rest_route=\/wp\/v2\/posts\/29546\/revisions"}],"predecessor-version":[{"id":29551,"href":"https:\/\/www.yungayino.cl\/noticias\/index.php?rest_route=\/wp\/v2\/posts\/29546\/revisions\/29551"}],"wp:featuredmedia":[{"embeddable":true,"href":"https:\/\/www.yungayino.cl\/noticias\/index.php?rest_route=\/wp\/v2\/media\/29547"}],"wp:attachment":[{"href":"https:\/\/www.yungayino.cl\/noticias\/index.php?rest_route=%2Fwp%2Fv2%2Fmedia&parent=29546"}],"wp:term":[{"taxonomy":"category","embeddable":true,"href":"https:\/\/www.yungayino.cl\/noticias\/index.php?rest_route=%2Fwp%2Fv2%2Fcategories&post=29546"},{"taxonomy":"post_tag","embeddable":true,"href":"https:\/\/www.yungayino.cl\/noticias\/index.php?rest_route=%2Fwp%2Fv2%2Ftags&post=29546"}],"curies":[{"name":"wp","href":"https:\/\/api.w.org\/{rel}","templated":true}]}}