{"id":29552,"date":"2023-09-12T18:00:52","date_gmt":"2023-09-12T22:00:52","guid":{"rendered":"http:\/\/www.yungayino.cl\/noticias\/?p=29552"},"modified":"2023-09-12T20:57:34","modified_gmt":"2023-09-13T00:57:34","slug":"liceo-tecnico-profesional-de-campanario-realizo-xii-muestra-gastronomica-campesina","status":"publish","type":"post","link":"https:\/\/www.yungayino.cl\/noticias\/?p=29552","title":{"rendered":"Liceo T\u00e9cnico Profesional De Campanario Realiz\u00f3 \u201cXII Muestra Gastron\u00f3mica Campesina\u201d"},"content":{"rendered":"<p><img loading=\"lazy\" decoding=\"async\" class=\"alignnone wp-image-29553 size-full\" src=\"http:\/\/www.yungayino.cl\/noticias\/wp-content\/uploads\/2023\/09\/portada-9.jpg\" alt=\"\" width=\"700\" height=\"350\" srcset=\"https:\/\/www.yungayino.cl\/noticias\/wp-content\/uploads\/2023\/09\/portada-9.jpg 700w, https:\/\/www.yungayino.cl\/noticias\/wp-content\/uploads\/2023\/09\/portada-9-300x150.jpg 300w\" sizes=\"auto, (max-width: 700px) 100vw, 700px\" \/><\/p>\n<p style=\"text-align: justify;\">Campanario, septiembre 2023: Hoy martes 12 se realiz\u00f3 la \u201cXII Muestra Gastron\u00f3mica Campesina\u201d en el Liceo T\u00e9cnico Profesional de Campanario.<\/p>\n<p style=\"text-align: justify;\">Esta actividad estuvo liderada por su Director Sr. Victor Ojeda, en compa\u00f1\u00eda de autoridades e invitados especiales, adem\u00e1s de Padres, Apoderados y Estudiantes del establecimiento educacional.<\/p>\n<p style=\"text-align: justify;\">Los alumnos Aylin Alegr\u00eda S\u00e1ez y Agust\u00edn Jara Vilches, se presentaron bailando nuestro baile nacional, demostrando porque obtuvieron el primer lugar en la categor\u00eda ense\u00f1anza b\u00e1sica en el Campeonato Comunal Escolar, en la ocasi\u00f3n recibieron un presente de las manos del Administrador Municipal Sr. Guillermo Saavedra y el Director Sr.Victor Ojeda.<\/p>\n<p style=\"text-align: justify;\">Como es tradicional tambi\u00e9n se realiz\u00f3 el corte de cinta por parte de las autoridades presentes, lo que dio por inaugurada la nueva versi\u00f3n de la muestra gastron\u00f3mica t\u00edpica de estas fiestas patrias, actividad en la que particip\u00f3 con gran entusiasmo toda esta comunidad educativa<\/p>\n<p style=\"text-align: justify;\">Los asistentes pudieron degustar de variadas comidas preparadas con mucho cari\u00f1o por cada curso en los diferentes stands que se encontraban en el patio del Liceo.<\/p>\n<p>&nbsp;<\/p>\n<p style=\"text-align: center;\">FOTOGRAF\u00cdAS<\/p>\n<p style=\"text-align: center;\"><iframe loading=\"lazy\" style=\"border: none; overflow: hidden;\" src=\"https:\/\/www.facebook.com\/plugins\/post.php?href=https%3A%2F%2Fwww.facebook.com%2Fyungayino.cl%2Fposts%2Fpfbid0RYLSDeh7p5LmB9uUh39bei3K2fwZg3xb8w6RgVtmdejZPWUcxtSvYQZj6zvzAdpkl&amp;show_text=true&amp;width=500\" width=\"500\" height=\"837\" frameborder=\"0\" scrolling=\"no\" allowfullscreen=\"allowfullscreen\"><\/iframe><\/p>\n","protected":false},"excerpt":{"rendered":"<p>Campanario, septiembre 2023: Hoy martes 12 se realiz\u00f3 la \u201cXII Muestra Gastron\u00f3mica Campesina\u201d en el Liceo T\u00e9cnico Profesional de Campanario. Esta actividad estuvo liderada por su Director Sr. Victor Ojeda, en compa\u00f1\u00eda de autoridades&#46;&#46;&#46;<\/p>\n","protected":false},"author":2,"featured_media":29553,"comment_status":"closed","ping_status":"closed","sticky":false,"template":"","format":"standard","meta":{"footnotes":""},"categories":[1],"tags":[31,528,418,8,6,117],"class_list":["post-29552","post","type-post","status-publish","format-standard","has-post-thumbnail","hentry","category-noticias","tag-campanario","tag-fiestas-patrias","tag-muestra-gastronomica","tag-yungay","tag-yungayino","tag-yungayinocl"],"_links":{"self":[{"href":"https:\/\/www.yungayino.cl\/noticias\/index.php?rest_route=\/wp\/v2\/posts\/29552","targetHints":{"allow":["GET"]}}],"collection":[{"href":"https:\/\/www.yungayino.cl\/noticias\/index.php?rest_route=\/wp\/v2\/posts"}],"about":[{"href":"https:\/\/www.yungayino.cl\/noticias\/index.php?rest_route=\/wp\/v2\/types\/post"}],"author":[{"embeddable":true,"href":"https:\/\/www.yungayino.cl\/noticias\/index.php?rest_route=\/wp\/v2\/users\/2"}],"replies":[{"embeddable":true,"href":"https:\/\/www.yungayino.cl\/noticias\/index.php?rest_route=%2Fwp%2Fv2%2Fcomments&post=29552"}],"version-history":[{"count":4,"href":"https:\/\/www.yungayino.cl\/noticias\/index.php?rest_route=\/wp\/v2\/posts\/29552\/revisions"}],"predecessor-version":[{"id":29557,"href":"https:\/\/www.yungayino.cl\/noticias\/index.php?rest_route=\/wp\/v2\/posts\/29552\/revisions\/29557"}],"wp:featuredmedia":[{"embeddable":true,"href":"https:\/\/www.yungayino.cl\/noticias\/index.php?rest_route=\/wp\/v2\/media\/29553"}],"wp:attachment":[{"href":"https:\/\/www.yungayino.cl\/noticias\/index.php?rest_route=%2Fwp%2Fv2%2Fmedia&parent=29552"}],"wp:term":[{"taxonomy":"category","embeddable":true,"href":"https:\/\/www.yungayino.cl\/noticias\/index.php?rest_route=%2Fwp%2Fv2%2Fcategories&post=29552"},{"taxonomy":"post_tag","embeddable":true,"href":"https:\/\/www.yungayino.cl\/noticias\/index.php?rest_route=%2Fwp%2Fv2%2Ftags&post=29552"}],"curies":[{"name":"wp","href":"https:\/\/api.w.org\/{rel}","templated":true}]}}