{"id":29558,"date":"2023-09-13T15:00:19","date_gmt":"2023-09-13T19:00:19","guid":{"rendered":"http:\/\/www.yungayino.cl\/noticias\/?p=29558"},"modified":"2023-09-13T19:22:28","modified_gmt":"2023-09-13T23:22:28","slug":"fiesta-de-la-ciudadania-de-la-escuela-fernando-baquedano","status":"publish","type":"post","link":"https:\/\/www.yungayino.cl\/noticias\/?p=29558","title":{"rendered":"Fiesta De La Ciudadan\u00eda De La Escuela Fernando Baquedano"},"content":{"rendered":"<p><img loading=\"lazy\" decoding=\"async\" class=\"alignnone wp-image-29559 size-full\" src=\"http:\/\/www.yungayino.cl\/noticias\/wp-content\/uploads\/2023\/09\/portada-10.jpg\" alt=\"\" width=\"700\" height=\"350\" srcset=\"https:\/\/www.yungayino.cl\/noticias\/wp-content\/uploads\/2023\/09\/portada-10.jpg 700w, https:\/\/www.yungayino.cl\/noticias\/wp-content\/uploads\/2023\/09\/portada-10-300x150.jpg 300w\" sizes=\"auto, (max-width: 700px) 100vw, 700px\" \/><\/p>\n<p style=\"text-align: justify;\">Yungay, septiembre 2023: En un d\u00eda repleto de emociones y orgullo, la Escuela Fernando Baquedano llev\u00f3 a cabo la magn\u00edfica Fiesta de la Ciudadan\u00eda, un evento que se realiza desde hace 12 a\u00f1os y que ha dejado a todos los asistentes encantados.<\/p>\n<p style=\"text-align: justify;\">Esta jornada especial, que tuvo lugar este mi\u00e9rcoles, fue un despliegue de talento protagonizado por los estudiantes y el personal de la escuela, quienes inundaron nuestra plaza de armas con el encanto del folclore y los colores de nuestra bandera.<\/p>\n<p style=\"text-align: justify;\">La fiesta comenz\u00f3 en la ma\u00f1ana cuando distinguidos miembros de la Junta Nacional (estudiantes personificados) y la comunidad local, compartieron sus experiencias y las claves que llevaron a la consecuci\u00f3n de nuestra Independencia, brindando un valioso testimonio de nuestra historia.<\/p>\n<p style=\"text-align: justify;\">La Fiesta de la Ciudadan\u00eda tambi\u00e9n ofreci\u00f3 una variedad de presentaciones art\u00edsticas, incluyendo teatro, danzas y m\u00fasica a cargo de la destacada agrupaci\u00f3n del Liceo de Yungay, Verde Valle.<\/p>\n<p style=\"text-align: justify;\">Queremos felicitar al director de la Escuela Fernando Baquedano, Zoilo Irarr\u00e1zabal, por convocar a esta hermosa iniciativa que no solo rinde homenaje a nuestra historia nacional en el contexto de las fiestas patrias, sino que tambi\u00e9n brinda un espacio para reconocer y apoyar a los j\u00f3venes talentos de nuestra comunidad.<\/p>\n<p>&nbsp;<\/p>\n<p style=\"text-align: center;\">FOTOGRAF\u00cdAS:<\/p>\n<p style=\"text-align: center;\"><iframe loading=\"lazy\" style=\"border: none; overflow: hidden;\" src=\"https:\/\/www.facebook.com\/plugins\/post.php?href=https%3A%2F%2Fwww.facebook.com%2Fyungayino.cl%2Fposts%2Fpfbid02EJa13hfwkhZirN7gK3H5RGs6m74p3seEfqUBGPPb8J6zAY2inoweJ88n8WsuUBSVl&amp;show_text=true&amp;width=500\" width=\"500\" height=\"828\" frameborder=\"0\" scrolling=\"no\" allowfullscreen=\"allowfullscreen\"><\/iframe><\/p>\n","protected":false},"excerpt":{"rendered":"<p>Yungay, septiembre 2023: En un d\u00eda repleto de emociones y orgullo, la Escuela Fernando Baquedano llev\u00f3 a cabo la magn\u00edfica Fiesta de la Ciudadan\u00eda, un evento que se realiza desde hace 12 a\u00f1os y&#46;&#46;&#46;<\/p>\n","protected":false},"author":2,"featured_media":29559,"comment_status":"closed","ping_status":"closed","sticky":false,"template":"","format":"standard","meta":{"footnotes":""},"categories":[1],"tags":[190,528,8,6,117],"class_list":["post-29558","post","type-post","status-publish","format-standard","has-post-thumbnail","hentry","category-noticias","tag-escuela-fernando-baquedano","tag-fiestas-patrias","tag-yungay","tag-yungayino","tag-yungayinocl"],"_links":{"self":[{"href":"https:\/\/www.yungayino.cl\/noticias\/index.php?rest_route=\/wp\/v2\/posts\/29558","targetHints":{"allow":["GET"]}}],"collection":[{"href":"https:\/\/www.yungayino.cl\/noticias\/index.php?rest_route=\/wp\/v2\/posts"}],"about":[{"href":"https:\/\/www.yungayino.cl\/noticias\/index.php?rest_route=\/wp\/v2\/types\/post"}],"author":[{"embeddable":true,"href":"https:\/\/www.yungayino.cl\/noticias\/index.php?rest_route=\/wp\/v2\/users\/2"}],"replies":[{"embeddable":true,"href":"https:\/\/www.yungayino.cl\/noticias\/index.php?rest_route=%2Fwp%2Fv2%2Fcomments&post=29558"}],"version-history":[{"count":4,"href":"https:\/\/www.yungayino.cl\/noticias\/index.php?rest_route=\/wp\/v2\/posts\/29558\/revisions"}],"predecessor-version":[{"id":29563,"href":"https:\/\/www.yungayino.cl\/noticias\/index.php?rest_route=\/wp\/v2\/posts\/29558\/revisions\/29563"}],"wp:featuredmedia":[{"embeddable":true,"href":"https:\/\/www.yungayino.cl\/noticias\/index.php?rest_route=\/wp\/v2\/media\/29559"}],"wp:attachment":[{"href":"https:\/\/www.yungayino.cl\/noticias\/index.php?rest_route=%2Fwp%2Fv2%2Fmedia&parent=29558"}],"wp:term":[{"taxonomy":"category","embeddable":true,"href":"https:\/\/www.yungayino.cl\/noticias\/index.php?rest_route=%2Fwp%2Fv2%2Fcategories&post=29558"},{"taxonomy":"post_tag","embeddable":true,"href":"https:\/\/www.yungayino.cl\/noticias\/index.php?rest_route=%2Fwp%2Fv2%2Ftags&post=29558"}],"curies":[{"name":"wp","href":"https:\/\/api.w.org\/{rel}","templated":true}]}}